{"id":7562,"date":"2017-12-08T21:43:31","date_gmt":"2017-12-08T21:43:31","guid":{"rendered":"http:\/\/blogdorogeriogomes.com.br\/?p=7562"},"modified":"2017-12-08T21:43:31","modified_gmt":"2017-12-08T21:43:31","slug":"sem-votos-temer-parte-para-o-terrorismo-com-o-servidor-publico","status":"publish","type":"post","link":"https:\/\/blogdorogeriogomes.com.br\/noticias\/2017\/12\/sem-votos-temer-parte-para-o-terrorismo-com-o-servidor-publico\/","title":{"rendered":"Sem votos, Temer parte para o \u201cterrorismo\u201d com o servidor p\u00fablico"},"content":{"rendered":"<p><img loading=\"lazy\" decoding=\"async\" class=\"alignnone size-medium wp-image-7563\" src=\"http:\/\/blogdorogeriogomes.com.br\/wp-content\/uploads\/2017\/12\/images-17-300x200.jpeg\" alt=\"images (17)\" width=\"300\" height=\"200\" srcset=\"https:\/\/blogdorogeriogomes.com.br\/noticias\/wp-content\/uploads\/2017\/12\/images-17-300x200.jpeg 300w, https:\/\/blogdorogeriogomes.com.br\/noticias\/wp-content\/uploads\/2017\/12\/images-17.jpeg 470w\" sizes=\"auto, (max-width: 300px) 100vw, 300px\" \/><\/p>\n<p><span style=\"font-weight: 400;\">O Governo Temer insiste em votar a \u00a0Reforma da Previd\u00eancia ainda este ano. Sem votos suficientes na C\u00e2mara dos Deputados, a press\u00e3o \u00e9 grande \u00a0sobre os parlamentares. Governistas avan\u00e7am contra aliados e ex-aliados. A ordem \u00e9 cooptar o voto a qualquer \u00a0custo. A expectativa \u00e9 que a vota\u00e7\u00e3o fique para a \u00faltima semana antes do recesso parlamentar, entre os dias 18 e 19 de dezembro.<\/span><\/p>\n<p><span style=\"font-weight: 400;\">Paralelo a isso, Temer faz \u201cterrorismo\u201d pela m\u00eddia contra os servidores. Diz que sem a aprova\u00e7\u00e3o da reforma, poder\u00e1 haver cortes de sal\u00e1rios de servidores p\u00fablicos. &#8220;Se n\u00e3o fizermos agora, em 2019, 2020, teremos uma reforma previdenci\u00e1ria radical&#8221;, disse, citando exemplos de outros pa\u00edses onde foi preciso cortar pens\u00f5es e vencimentos de servidores p\u00fablicos em at\u00e9 30%.<\/span><\/p>\n<p><span style=\"font-weight: 400;\">No Congresso Nacional, Temer j\u00e1 sofreu uma \u201cbaixa\u201d. O ministro tucano da articula\u00e7\u00e3o pol\u00edtica, Ant\u00f4nio Imbassahy pediu nesta sexta-feira para deixar o Governo. O pedido de exonera\u00e7\u00e3o foi aceito pelo presidente Michel Temer. Imbassahy volta a exercer o mandato de deputado federal.<\/span><\/p>\n","protected":false},"excerpt":{"rendered":"<p>O Governo Temer insiste em votar a \u00a0Reforma da Previd\u00eancia ainda este ano. Sem votos suficientes na C\u00e2mara dos Deputados, a press\u00e3o \u00e9 grande \u00a0sobre os parlamentares. Governistas avan\u00e7am contra aliados e ex-aliados. A ordem \u00e9 cooptar o voto a qualquer \u00a0custo. A expectativa \u00e9 que a vota\u00e7\u00e3o fique para a \u00faltima semana antes do recesso parlamentar, entre os dias 18 e 19 de dezembro. Paralelo a isso, Temer faz \u201cterrorismo\u201d pela m\u00eddia contra os servidores. Diz que sem&hellip;<\/p>\n","protected":false},"author":1,"featured_media":0,"comment_status":"open","ping_status":"open","sticky":false,"template":"","format":"standard","meta":{"footnotes":""},"categories":[1],"tags":[],"class_list":["post-7562","post","type-post","status-publish","format-standard","hentry","category-noticias"],"_links":{"self":[{"href":"https:\/\/blogdorogeriogomes.com.br\/noticias\/wp-json\/wp\/v2\/posts\/7562","targetHints":{"allow":["GET"]}}],"collection":[{"href":"https:\/\/blogdorogeriogomes.com.br\/noticias\/wp-json\/wp\/v2\/posts"}],"about":[{"href":"https:\/\/blogdorogeriogomes.com.br\/noticias\/wp-json\/wp\/v2\/types\/post"}],"author":[{"embeddable":true,"href":"https:\/\/blogdorogeriogomes.com.br\/noticias\/wp-json\/wp\/v2\/users\/1"}],"replies":[{"embeddable":true,"href":"https:\/\/blogdorogeriogomes.com.br\/noticias\/wp-json\/wp\/v2\/comments?post=7562"}],"version-history":[{"count":1,"href":"https:\/\/blogdorogeriogomes.com.br\/noticias\/wp-json\/wp\/v2\/posts\/7562\/revisions"}],"predecessor-version":[{"id":7564,"href":"https:\/\/blogdorogeriogomes.com.br\/noticias\/wp-json\/wp\/v2\/posts\/7562\/revisions\/7564"}],"wp:attachment":[{"href":"https:\/\/blogdorogeriogomes.com.br\/noticias\/wp-json\/wp\/v2\/media?parent=7562"}],"wp:term":[{"taxonomy":"category","embeddable":true,"href":"https:\/\/blogdorogeriogomes.com.br\/noticias\/wp-json\/wp\/v2\/categories?post=7562"},{"taxonomy":"post_tag","embeddable":true,"href":"https:\/\/blogdorogeriogomes.com.br\/noticias\/wp-json\/wp\/v2\/tags?post=7562"}],"curies":[{"name":"wp","href":"https:\/\/api.w.org\/{rel}","templated":true}]}}