{"id":7566,"date":"2017-12-09T18:59:35","date_gmt":"2017-12-09T18:59:35","guid":{"rendered":"http:\/\/blogdorogeriogomes.com.br\/?p=7566"},"modified":"2017-12-09T18:59:35","modified_gmt":"2017-12-09T18:59:35","slug":"grande-bom-jardim-ganha-nova-unidade-de-seguranca","status":"publish","type":"post","link":"https:\/\/blogdorogeriogomes.com.br\/noticias\/2017\/12\/grande-bom-jardim-ganha-nova-unidade-de-seguranca\/","title":{"rendered":"Grande Bom Jardim ganha nova unidade de seguran\u00e7a"},"content":{"rendered":"<p><img loading=\"lazy\" decoding=\"async\" class=\"alignnone size-medium wp-image-7134\" src=\"http:\/\/blogdorogeriogomes.com.br\/wp-content\/uploads\/2017\/10\/unnamed-300x163.png\" alt=\"unnamed\" width=\"300\" height=\"163\" srcset=\"https:\/\/blogdorogeriogomes.com.br\/noticias\/wp-content\/uploads\/2017\/10\/unnamed-300x163.png 300w, https:\/\/blogdorogeriogomes.com.br\/noticias\/wp-content\/uploads\/2017\/10\/unnamed.png 520w\" sizes=\"auto, (max-width: 300px) 100vw, 300px\" \/><\/p>\n<p><span style=\"font-weight: 400;\">O Pacto por um Cear\u00e1 Pac\u00edfico passou a abranger mais uma regi\u00e3o de Fortaleza: o Grande Bom Jardim, que vai receber refor\u00e7o nas a\u00e7\u00f5es sociais e de policiamento.<\/span><\/p>\n<p><span style=\"font-weight: 400;\">A regi\u00e3o receber\u00e1 tamb\u00e9m a\u00e7\u00f5es sociais da Prefeitura de Fortaleza e do Governo do Estado com o objetivo de reduzir os \u00edndices de viol\u00eancia. O prefeito Roberto Cl\u00e1udio promete investir em melhorias na ilumina\u00e7\u00e3o dos bairros e com mais atua\u00e7\u00e3o da Guarda Municipal.<\/span><\/p>\n<p><span style=\"font-weight: 400;\">A quarta Unidade Integrada de Seguran\u00e7a da Capital, implantada na \u00e1rea, vai garantir refor\u00e7o no policiamento em tr\u00eas bairros: Bom Jardim, Granja Lisboa e Siqueira.<\/span><\/p>\n<p><span style=\"font-weight: 400;\">\u201cTemos a necessidade de uma participa\u00e7\u00e3o efetiva do Poder Judici\u00e1rio para dar mais agilidade na tramita\u00e7\u00e3o de processos e, assim, diminuir a quantidade de presos sem julgamento que ocupam delegacias e pres\u00eddios cearenses\u201d, ressaltou Camilo Santana, governador do Cear\u00e1.<\/span><\/p>\n","protected":false},"excerpt":{"rendered":"<p>O Pacto por um Cear\u00e1 Pac\u00edfico passou a abranger mais uma regi\u00e3o de Fortaleza: o Grande Bom Jardim, que vai receber refor\u00e7o nas a\u00e7\u00f5es sociais e de policiamento. A regi\u00e3o receber\u00e1 tamb\u00e9m a\u00e7\u00f5es sociais da Prefeitura de Fortaleza e do Governo do Estado com o objetivo de reduzir os \u00edndices de viol\u00eancia. O prefeito Roberto Cl\u00e1udio promete investir em melhorias na ilumina\u00e7\u00e3o dos bairros e com mais atua\u00e7\u00e3o da Guarda Municipal. A quarta Unidade Integrada de Seguran\u00e7a da Capital,&hellip;<\/p>\n","protected":false},"author":1,"featured_media":0,"comment_status":"open","ping_status":"open","sticky":false,"template":"","format":"standard","meta":{"footnotes":""},"categories":[1],"tags":[],"class_list":["post-7566","post","type-post","status-publish","format-standard","hentry","category-noticias"],"_links":{"self":[{"href":"https:\/\/blogdorogeriogomes.com.br\/noticias\/wp-json\/wp\/v2\/posts\/7566","targetHints":{"allow":["GET"]}}],"collection":[{"href":"https:\/\/blogdorogeriogomes.com.br\/noticias\/wp-json\/wp\/v2\/posts"}],"about":[{"href":"https:\/\/blogdorogeriogomes.com.br\/noticias\/wp-json\/wp\/v2\/types\/post"}],"author":[{"embeddable":true,"href":"https:\/\/blogdorogeriogomes.com.br\/noticias\/wp-json\/wp\/v2\/users\/1"}],"replies":[{"embeddable":true,"href":"https:\/\/blogdorogeriogomes.com.br\/noticias\/wp-json\/wp\/v2\/comments?post=7566"}],"version-history":[{"count":1,"href":"https:\/\/blogdorogeriogomes.com.br\/noticias\/wp-json\/wp\/v2\/posts\/7566\/revisions"}],"predecessor-version":[{"id":7567,"href":"https:\/\/blogdorogeriogomes.com.br\/noticias\/wp-json\/wp\/v2\/posts\/7566\/revisions\/7567"}],"wp:attachment":[{"href":"https:\/\/blogdorogeriogomes.com.br\/noticias\/wp-json\/wp\/v2\/media?parent=7566"}],"wp:term":[{"taxonomy":"category","embeddable":true,"href":"https:\/\/blogdorogeriogomes.com.br\/noticias\/wp-json\/wp\/v2\/categories?post=7566"},{"taxonomy":"post_tag","embeddable":true,"href":"https:\/\/blogdorogeriogomes.com.br\/noticias\/wp-json\/wp\/v2\/tags?post=7566"}],"curies":[{"name":"wp","href":"https:\/\/api.w.org\/{rel}","templated":true}]}}