{"id":7568,"date":"2017-12-09T19:12:16","date_gmt":"2017-12-09T19:12:16","guid":{"rendered":"http:\/\/blogdorogeriogomes.com.br\/?p=7568"},"modified":"2017-12-09T19:12:16","modified_gmt":"2017-12-09T19:12:16","slug":"alckmin-e-eleito-presidente-do-psdb-aecio-e-vaiado","status":"publish","type":"post","link":"https:\/\/blogdorogeriogomes.com.br\/noticias\/2017\/12\/alckmin-e-eleito-presidente-do-psdb-aecio-e-vaiado\/","title":{"rendered":"Alckmin \u00e9 eleito presidente do PSDB. A\u00e9cio \u00e9 vaiado"},"content":{"rendered":"<p><img loading=\"lazy\" decoding=\"async\" class=\"alignnone size-medium wp-image-7569\" src=\"http:\/\/blogdorogeriogomes.com.br\/wp-content\/uploads\/2017\/12\/image-1-300x200.jpg\" alt=\"image (1)\" width=\"300\" height=\"200\" srcset=\"https:\/\/blogdorogeriogomes.com.br\/noticias\/wp-content\/uploads\/2017\/12\/image-1-300x200.jpg 300w, https:\/\/blogdorogeriogomes.com.br\/noticias\/wp-content\/uploads\/2017\/12\/image-1-768x512.jpg 768w, https:\/\/blogdorogeriogomes.com.br\/noticias\/wp-content\/uploads\/2017\/12\/image-1.jpg 960w\" sizes=\"auto, (max-width: 300px) 100vw, 300px\" \/><\/p>\n<p><span style=\"font-weight: 400;\">Como j\u00e1 se esperava, o governador de S\u00e3o Paulo, Geraldo Alckmin, foi eleito presidente do PSDB em conven\u00e7\u00e3o do partido em Bras\u00edlia. Ele ocupar\u00e1 o cargo pelos pr\u00f3ximos dois anos.<\/span><span style=\"font-weight: 400;\"><br \/>\n<\/span><span style=\"font-weight: 400;\">O primeiro vice-presidente presidente ser\u00e1 Marconi Perillo e o segundo, Ricardo Tripoli, aliado do senador cearense Tasso Jereissati.<\/span><\/p>\n<p><span style=\"font-weight: 400;\">O destaque na conven\u00e7\u00e3o tucana ficou para as vaias contra o presidente licenciado do PSDB, senador A\u00e9cio Neves (MG). Ele foi hostilizado por militantes do partido e s\u00f3 permaneceu por 40 minutos na conven\u00e7\u00e3o nacional, em Bras\u00edlia.<\/span><\/p>\n","protected":false},"excerpt":{"rendered":"<p>Como j\u00e1 se esperava, o governador de S\u00e3o Paulo, Geraldo Alckmin, foi eleito presidente do PSDB em conven\u00e7\u00e3o do partido em Bras\u00edlia. Ele ocupar\u00e1 o cargo pelos pr\u00f3ximos dois anos. O primeiro vice-presidente presidente ser\u00e1 Marconi Perillo e o segundo, Ricardo Tripoli, aliado do senador cearense Tasso Jereissati. O destaque na conven\u00e7\u00e3o tucana ficou para as vaias contra o presidente licenciado do PSDB, senador A\u00e9cio Neves (MG). Ele foi hostilizado por militantes do partido e s\u00f3 permaneceu por 40&hellip;<\/p>\n","protected":false},"author":1,"featured_media":0,"comment_status":"open","ping_status":"open","sticky":false,"template":"","format":"standard","meta":{"footnotes":""},"categories":[1],"tags":[],"class_list":["post-7568","post","type-post","status-publish","format-standard","hentry","category-noticias"],"_links":{"self":[{"href":"https:\/\/blogdorogeriogomes.com.br\/noticias\/wp-json\/wp\/v2\/posts\/7568","targetHints":{"allow":["GET"]}}],"collection":[{"href":"https:\/\/blogdorogeriogomes.com.br\/noticias\/wp-json\/wp\/v2\/posts"}],"about":[{"href":"https:\/\/blogdorogeriogomes.com.br\/noticias\/wp-json\/wp\/v2\/types\/post"}],"author":[{"embeddable":true,"href":"https:\/\/blogdorogeriogomes.com.br\/noticias\/wp-json\/wp\/v2\/users\/1"}],"replies":[{"embeddable":true,"href":"https:\/\/blogdorogeriogomes.com.br\/noticias\/wp-json\/wp\/v2\/comments?post=7568"}],"version-history":[{"count":1,"href":"https:\/\/blogdorogeriogomes.com.br\/noticias\/wp-json\/wp\/v2\/posts\/7568\/revisions"}],"predecessor-version":[{"id":7570,"href":"https:\/\/blogdorogeriogomes.com.br\/noticias\/wp-json\/wp\/v2\/posts\/7568\/revisions\/7570"}],"wp:attachment":[{"href":"https:\/\/blogdorogeriogomes.com.br\/noticias\/wp-json\/wp\/v2\/media?parent=7568"}],"wp:term":[{"taxonomy":"category","embeddable":true,"href":"https:\/\/blogdorogeriogomes.com.br\/noticias\/wp-json\/wp\/v2\/categories?post=7568"},{"taxonomy":"post_tag","embeddable":true,"href":"https:\/\/blogdorogeriogomes.com.br\/noticias\/wp-json\/wp\/v2\/tags?post=7568"}],"curies":[{"name":"wp","href":"https:\/\/api.w.org\/{rel}","templated":true}]}}