{"id":7571,"date":"2017-12-11T09:01:04","date_gmt":"2017-12-11T09:01:04","guid":{"rendered":"http:\/\/blogdorogeriogomes.com.br\/?p=7571"},"modified":"2017-12-11T09:01:04","modified_gmt":"2017-12-11T09:01:04","slug":"senado-tem-pauta-pendente-ate-recesso-que-comeca-dia-23","status":"publish","type":"post","link":"https:\/\/blogdorogeriogomes.com.br\/noticias\/2017\/12\/senado-tem-pauta-pendente-ate-recesso-que-comeca-dia-23\/","title":{"rendered":"Senado tem pauta pendente at\u00e9 recesso que come\u00e7a dia 23"},"content":{"rendered":"<p><img loading=\"lazy\" decoding=\"async\" class=\"alignnone size-medium wp-image-7572\" src=\"http:\/\/blogdorogeriogomes.com.br\/wp-content\/uploads\/2017\/12\/images-19-300x221.jpeg\" alt=\"images (19)\" width=\"300\" height=\"221\" srcset=\"https:\/\/blogdorogeriogomes.com.br\/noticias\/wp-content\/uploads\/2017\/12\/images-19-300x221.jpeg 300w, https:\/\/blogdorogeriogomes.com.br\/noticias\/wp-content\/uploads\/2017\/12\/images-19.jpeg 380w\" sizes=\"auto, (max-width: 300px) 100vw, 300px\" \/><\/p>\n<p><span style=\"font-weight: 400;\">O presidente do Senado, Eun\u00edcio Oliveira, admite que n\u00e3o conseguir votar toda a pauta pendente antes do recesso legislativo, que come\u00e7a oficialmente no dia 23 de dezembro. Os pr\u00f3ximos 10 dias \u00fateis de trabalho no Senado devem ser de esfor\u00e7o concentrado. O senador Eun\u00edcio Oliveira adiantou que al\u00e9m de apreciar medidas provis\u00f3rias (MPs) que trancam a pauta, ele quer votar na semana que vem no plen\u00e1rio uma pauta positiva de propostas nas \u00e1reas de economia e seguran\u00e7a p\u00fablica.<\/span><\/p>\n","protected":false},"excerpt":{"rendered":"<p>O presidente do Senado, Eun\u00edcio Oliveira, admite que n\u00e3o conseguir votar toda a pauta pendente antes do recesso legislativo, que come\u00e7a oficialmente no dia 23 de dezembro. Os pr\u00f3ximos 10 dias \u00fateis de trabalho no Senado devem ser de esfor\u00e7o concentrado. O senador Eun\u00edcio Oliveira adiantou que al\u00e9m de apreciar medidas provis\u00f3rias (MPs) que trancam a pauta, ele quer votar na semana que vem no plen\u00e1rio uma pauta positiva de propostas nas \u00e1reas de economia e seguran\u00e7a p\u00fablica.<\/p>\n","protected":false},"author":1,"featured_media":0,"comment_status":"open","ping_status":"open","sticky":false,"template":"","format":"standard","meta":{"footnotes":""},"categories":[1],"tags":[],"class_list":["post-7571","post","type-post","status-publish","format-standard","hentry","category-noticias"],"_links":{"self":[{"href":"https:\/\/blogdorogeriogomes.com.br\/noticias\/wp-json\/wp\/v2\/posts\/7571","targetHints":{"allow":["GET"]}}],"collection":[{"href":"https:\/\/blogdorogeriogomes.com.br\/noticias\/wp-json\/wp\/v2\/posts"}],"about":[{"href":"https:\/\/blogdorogeriogomes.com.br\/noticias\/wp-json\/wp\/v2\/types\/post"}],"author":[{"embeddable":true,"href":"https:\/\/blogdorogeriogomes.com.br\/noticias\/wp-json\/wp\/v2\/users\/1"}],"replies":[{"embeddable":true,"href":"https:\/\/blogdorogeriogomes.com.br\/noticias\/wp-json\/wp\/v2\/comments?post=7571"}],"version-history":[{"count":1,"href":"https:\/\/blogdorogeriogomes.com.br\/noticias\/wp-json\/wp\/v2\/posts\/7571\/revisions"}],"predecessor-version":[{"id":7573,"href":"https:\/\/blogdorogeriogomes.com.br\/noticias\/wp-json\/wp\/v2\/posts\/7571\/revisions\/7573"}],"wp:attachment":[{"href":"https:\/\/blogdorogeriogomes.com.br\/noticias\/wp-json\/wp\/v2\/media?parent=7571"}],"wp:term":[{"taxonomy":"category","embeddable":true,"href":"https:\/\/blogdorogeriogomes.com.br\/noticias\/wp-json\/wp\/v2\/categories?post=7571"},{"taxonomy":"post_tag","embeddable":true,"href":"https:\/\/blogdorogeriogomes.com.br\/noticias\/wp-json\/wp\/v2\/tags?post=7571"}],"curies":[{"name":"wp","href":"https:\/\/api.w.org\/{rel}","templated":true}]}}