{"id":7574,"date":"2017-12-11T09:04:55","date_gmt":"2017-12-11T09:04:55","guid":{"rendered":"http:\/\/blogdorogeriogomes.com.br\/?p=7574"},"modified":"2017-12-11T09:04:55","modified_gmt":"2017-12-11T09:04:55","slug":"governo-ainda-faz-contas-para-votar-reforma-da-previdencia","status":"publish","type":"post","link":"https:\/\/blogdorogeriogomes.com.br\/noticias\/2017\/12\/governo-ainda-faz-contas-para-votar-reforma-da-previdencia\/","title":{"rendered":"Governo ainda faz contas para votar Reforma da Previd\u00eancia"},"content":{"rendered":"<p><img loading=\"lazy\" decoding=\"async\" class=\"alignnone size-medium wp-image-7575\" src=\"http:\/\/blogdorogeriogomes.com.br\/wp-content\/uploads\/2017\/12\/images-18-300x200.jpeg\" alt=\"images (18)\" width=\"300\" height=\"200\" srcset=\"https:\/\/blogdorogeriogomes.com.br\/noticias\/wp-content\/uploads\/2017\/12\/images-18-300x200.jpeg 300w, https:\/\/blogdorogeriogomes.com.br\/noticias\/wp-content\/uploads\/2017\/12\/images-18.jpeg 470w\" sizes=\"auto, (max-width: 300px) 100vw, 300px\" \/><\/p>\n<p><span style=\"font-weight: 400;\">O Governo Federal ainda faz as contas para saber se ter\u00e1 os votos suficientes para pautar a proposta de Reforma da Previd\u00eancia Social ainda este ano, na C\u00e2mara dos Deputados. O objetivo do Pal\u00e1cio do Planalto \u00e9 colocar o projeto em vota\u00e7\u00e3o a partir do pr\u00f3ximo dia 18 de dezembro.<\/span><\/p>\n<p><span style=\"font-weight: 400;\">O presidente Michel Temer admitiu que se a Reforma da Previd\u00eancia n\u00e3o for votada ainda neste ano na C\u00e2mara, dever\u00e1 ser analisada no in\u00edcio do ano que vem.<\/span><\/p>\n<p><span style=\"font-weight: 400;\">Votar a Previd\u00eancia em 2018 \u00e9 considerado mais dif\u00edcil, por se tratar de um ano eleitoral. Sindicalistas apostam nesta situa\u00e7\u00e3o para barrar o avan\u00e7o da proposta.<\/span><\/p>\n","protected":false},"excerpt":{"rendered":"<p>O Governo Federal ainda faz as contas para saber se ter\u00e1 os votos suficientes para pautar a proposta de Reforma da Previd\u00eancia Social ainda este ano, na C\u00e2mara dos Deputados. O objetivo do Pal\u00e1cio do Planalto \u00e9 colocar o projeto em vota\u00e7\u00e3o a partir do pr\u00f3ximo dia 18 de dezembro. O presidente Michel Temer admitiu que se a Reforma da Previd\u00eancia n\u00e3o for votada ainda neste ano na C\u00e2mara, dever\u00e1 ser analisada no in\u00edcio do ano que vem. Votar&hellip;<\/p>\n","protected":false},"author":1,"featured_media":0,"comment_status":"open","ping_status":"open","sticky":false,"template":"","format":"standard","meta":{"footnotes":""},"categories":[1],"tags":[],"class_list":["post-7574","post","type-post","status-publish","format-standard","hentry","category-noticias"],"_links":{"self":[{"href":"https:\/\/blogdorogeriogomes.com.br\/noticias\/wp-json\/wp\/v2\/posts\/7574","targetHints":{"allow":["GET"]}}],"collection":[{"href":"https:\/\/blogdorogeriogomes.com.br\/noticias\/wp-json\/wp\/v2\/posts"}],"about":[{"href":"https:\/\/blogdorogeriogomes.com.br\/noticias\/wp-json\/wp\/v2\/types\/post"}],"author":[{"embeddable":true,"href":"https:\/\/blogdorogeriogomes.com.br\/noticias\/wp-json\/wp\/v2\/users\/1"}],"replies":[{"embeddable":true,"href":"https:\/\/blogdorogeriogomes.com.br\/noticias\/wp-json\/wp\/v2\/comments?post=7574"}],"version-history":[{"count":1,"href":"https:\/\/blogdorogeriogomes.com.br\/noticias\/wp-json\/wp\/v2\/posts\/7574\/revisions"}],"predecessor-version":[{"id":7576,"href":"https:\/\/blogdorogeriogomes.com.br\/noticias\/wp-json\/wp\/v2\/posts\/7574\/revisions\/7576"}],"wp:attachment":[{"href":"https:\/\/blogdorogeriogomes.com.br\/noticias\/wp-json\/wp\/v2\/media?parent=7574"}],"wp:term":[{"taxonomy":"category","embeddable":true,"href":"https:\/\/blogdorogeriogomes.com.br\/noticias\/wp-json\/wp\/v2\/categories?post=7574"},{"taxonomy":"post_tag","embeddable":true,"href":"https:\/\/blogdorogeriogomes.com.br\/noticias\/wp-json\/wp\/v2\/tags?post=7574"}],"curies":[{"name":"wp","href":"https:\/\/api.w.org\/{rel}","templated":true}]}}