{"id":7577,"date":"2017-12-11T22:12:19","date_gmt":"2017-12-11T22:12:19","guid":{"rendered":"http:\/\/blogdorogeriogomes.com.br\/?p=7577"},"modified":"2017-12-11T22:12:19","modified_gmt":"2017-12-11T22:12:19","slug":"rodrigo-janot-participa-de-evento-do-mpe-no-ceara","status":"publish","type":"post","link":"https:\/\/blogdorogeriogomes.com.br\/noticias\/2017\/12\/rodrigo-janot-participa-de-evento-do-mpe-no-ceara\/","title":{"rendered":"Rodrigo Janot participa de evento do MPE no Cear\u00e1"},"content":{"rendered":"<p><img loading=\"lazy\" decoding=\"async\" class=\"alignnone size-medium wp-image-7578\" src=\"http:\/\/blogdorogeriogomes.com.br\/wp-content\/uploads\/2017\/12\/images-20-300x230.jpeg\" alt=\"images (20)\" width=\"300\" height=\"230\" srcset=\"https:\/\/blogdorogeriogomes.com.br\/noticias\/wp-content\/uploads\/2017\/12\/images-20-300x230.jpeg 300w, https:\/\/blogdorogeriogomes.com.br\/noticias\/wp-content\/uploads\/2017\/12\/images-20.jpeg 438w\" sizes=\"auto, (max-width: 300px) 100vw, 300px\" \/><\/p>\n<p><span style=\"font-weight: 400;\">O ex-procurador geral da Rep\u00fablica, Rodrigo Janot, estar\u00e1 em Fortaleza na pr\u00f3xima sexta-feira, dia 15 de dezembro. Ele participa de um evento do Minist\u00e9rio P\u00fablico do Cear\u00e1, em comemora\u00e7\u00e3o ao Dia Nacional do Minist\u00e9rio P\u00fablico. <\/span><\/p>\n<p><span style=\"font-weight: 400;\">Rodrigo Janot far\u00e1 uma palestra sobre &#8220;O Papel do Minist\u00e9rio P\u00fablico no Combate \u00e0 Corrup\u00e7\u00e3o&#8221;, \u00e0s 11 horas, no audit\u00f3rio da Procuradoria Geral de Justi\u00e7a. O evento \u00e9 gratuito.<\/span><\/p>\n<p><span style=\"font-weight: 400;\">Janot denunciou o presidente Michel Temer por duas vezes e entregou ao Supremo Tribunal Federal, em dezembro de 2016, os acordos de dela\u00e7\u00e3o premiada de 77 executivos da Odebrecht.<\/span><\/p>\n","protected":false},"excerpt":{"rendered":"<p>O ex-procurador geral da Rep\u00fablica, Rodrigo Janot, estar\u00e1 em Fortaleza na pr\u00f3xima sexta-feira, dia 15 de dezembro. Ele participa de um evento do Minist\u00e9rio P\u00fablico do Cear\u00e1, em comemora\u00e7\u00e3o ao Dia Nacional do Minist\u00e9rio P\u00fablico. Rodrigo Janot far\u00e1 uma palestra sobre &#8220;O Papel do Minist\u00e9rio P\u00fablico no Combate \u00e0 Corrup\u00e7\u00e3o&#8221;, \u00e0s 11 horas, no audit\u00f3rio da Procuradoria Geral de Justi\u00e7a. O evento \u00e9 gratuito. Janot denunciou o presidente Michel Temer por duas vezes e entregou ao Supremo Tribunal Federal,&hellip;<\/p>\n","protected":false},"author":1,"featured_media":0,"comment_status":"open","ping_status":"open","sticky":false,"template":"","format":"standard","meta":{"footnotes":""},"categories":[1],"tags":[],"class_list":["post-7577","post","type-post","status-publish","format-standard","hentry","category-noticias"],"_links":{"self":[{"href":"https:\/\/blogdorogeriogomes.com.br\/noticias\/wp-json\/wp\/v2\/posts\/7577","targetHints":{"allow":["GET"]}}],"collection":[{"href":"https:\/\/blogdorogeriogomes.com.br\/noticias\/wp-json\/wp\/v2\/posts"}],"about":[{"href":"https:\/\/blogdorogeriogomes.com.br\/noticias\/wp-json\/wp\/v2\/types\/post"}],"author":[{"embeddable":true,"href":"https:\/\/blogdorogeriogomes.com.br\/noticias\/wp-json\/wp\/v2\/users\/1"}],"replies":[{"embeddable":true,"href":"https:\/\/blogdorogeriogomes.com.br\/noticias\/wp-json\/wp\/v2\/comments?post=7577"}],"version-history":[{"count":1,"href":"https:\/\/blogdorogeriogomes.com.br\/noticias\/wp-json\/wp\/v2\/posts\/7577\/revisions"}],"predecessor-version":[{"id":7579,"href":"https:\/\/blogdorogeriogomes.com.br\/noticias\/wp-json\/wp\/v2\/posts\/7577\/revisions\/7579"}],"wp:attachment":[{"href":"https:\/\/blogdorogeriogomes.com.br\/noticias\/wp-json\/wp\/v2\/media?parent=7577"}],"wp:term":[{"taxonomy":"category","embeddable":true,"href":"https:\/\/blogdorogeriogomes.com.br\/noticias\/wp-json\/wp\/v2\/categories?post=7577"},{"taxonomy":"post_tag","embeddable":true,"href":"https:\/\/blogdorogeriogomes.com.br\/noticias\/wp-json\/wp\/v2\/tags?post=7577"}],"curies":[{"name":"wp","href":"https:\/\/api.w.org\/{rel}","templated":true}]}}