{"id":7580,"date":"2017-12-11T22:28:54","date_gmt":"2017-12-11T22:28:54","guid":{"rendered":"http:\/\/blogdorogeriogomes.com.br\/?p=7580"},"modified":"2017-12-11T22:28:54","modified_gmt":"2017-12-11T22:28:54","slug":"cartao-mais-infancia-vai-garantir-recurso-extra-para-familias-carentes","status":"publish","type":"post","link":"https:\/\/blogdorogeriogomes.com.br\/noticias\/2017\/12\/cartao-mais-infancia-vai-garantir-recurso-extra-para-familias-carentes\/","title":{"rendered":"Cart\u00e3o Mais Inf\u00e2ncia vai garantir recurso extra para fam\u00edlias carentes"},"content":{"rendered":"<p><img loading=\"lazy\" decoding=\"async\" class=\"alignnone size-medium wp-image-7583\" src=\"http:\/\/blogdorogeriogomes.com.br\/wp-content\/uploads\/2017\/12\/images-21-300x200.jpeg\" alt=\"images (21)\" width=\"300\" height=\"200\" srcset=\"https:\/\/blogdorogeriogomes.com.br\/noticias\/wp-content\/uploads\/2017\/12\/images-21-300x200.jpeg 300w, https:\/\/blogdorogeriogomes.com.br\/noticias\/wp-content\/uploads\/2017\/12\/images-21.jpeg 470w\" sizes=\"auto, (max-width: 300px) 100vw, 300px\" \/><\/p>\n<p><span style=\"font-size: 0.8rem;\">O Governo do Estado experimenta uma nova modalidade para socorrer fam\u00edlias em situa\u00e7\u00e3o de extrema pobreza. Cerca de 60 mil delas ter\u00e3o acesso a um aux\u00edlio mensal de R$ 85 atrav\u00e9s do Programa Mais Inf\u00e2ncia Cear\u00e1. A transfer\u00eancia de renda ocorrer\u00e1 para n\u00facleos familiares cearenses com crian\u00e7as de 0 a 5 anos e 11 meses que se enquadrem na situa\u00e7\u00e3o de alta vulnerabilidade social.<\/span><\/p>\n<p><span style=\"font-weight: 400;\">Para ter acesso ao benef\u00edcio \u00e9 preciso ser residente de zona rural, em propriedades sem banheiro ou sanit\u00e1rio, de estrutura inapropriada, al\u00e9m de resid\u00eancias urbanas sem \u00e1gua canalizada em pelo menos um c\u00f4modo.<\/span><\/p>\n<p><span style=\"font-weight: 400;\">O Programa Mais Inf\u00e2ncia Cear\u00e1 foi lan\u00e7ado pelo governador Camilo Santana e pela primeira-dama On\u00e9lia Santana, na manh\u00e3 desta segunda-feira, dia 11 de dezembro.<\/span><\/p>\n","protected":false},"excerpt":{"rendered":"<p>O Governo do Estado experimenta uma nova modalidade para socorrer fam\u00edlias em situa\u00e7\u00e3o de extrema pobreza. Cerca de 60 mil delas ter\u00e3o acesso a um aux\u00edlio mensal de R$ 85 atrav\u00e9s do Programa Mais Inf\u00e2ncia Cear\u00e1. A transfer\u00eancia de renda ocorrer\u00e1 para n\u00facleos familiares cearenses com crian\u00e7as de 0 a 5 anos e 11 meses que se enquadrem na situa\u00e7\u00e3o de alta vulnerabilidade social. Para ter acesso ao benef\u00edcio \u00e9 preciso ser residente de zona rural, em propriedades sem&hellip;<\/p>\n","protected":false},"author":1,"featured_media":0,"comment_status":"open","ping_status":"open","sticky":false,"template":"","format":"standard","meta":{"footnotes":""},"categories":[1],"tags":[],"class_list":["post-7580","post","type-post","status-publish","format-standard","hentry","category-noticias"],"_links":{"self":[{"href":"https:\/\/blogdorogeriogomes.com.br\/noticias\/wp-json\/wp\/v2\/posts\/7580","targetHints":{"allow":["GET"]}}],"collection":[{"href":"https:\/\/blogdorogeriogomes.com.br\/noticias\/wp-json\/wp\/v2\/posts"}],"about":[{"href":"https:\/\/blogdorogeriogomes.com.br\/noticias\/wp-json\/wp\/v2\/types\/post"}],"author":[{"embeddable":true,"href":"https:\/\/blogdorogeriogomes.com.br\/noticias\/wp-json\/wp\/v2\/users\/1"}],"replies":[{"embeddable":true,"href":"https:\/\/blogdorogeriogomes.com.br\/noticias\/wp-json\/wp\/v2\/comments?post=7580"}],"version-history":[{"count":1,"href":"https:\/\/blogdorogeriogomes.com.br\/noticias\/wp-json\/wp\/v2\/posts\/7580\/revisions"}],"predecessor-version":[{"id":7584,"href":"https:\/\/blogdorogeriogomes.com.br\/noticias\/wp-json\/wp\/v2\/posts\/7580\/revisions\/7584"}],"wp:attachment":[{"href":"https:\/\/blogdorogeriogomes.com.br\/noticias\/wp-json\/wp\/v2\/media?parent=7580"}],"wp:term":[{"taxonomy":"category","embeddable":true,"href":"https:\/\/blogdorogeriogomes.com.br\/noticias\/wp-json\/wp\/v2\/categories?post=7580"},{"taxonomy":"post_tag","embeddable":true,"href":"https:\/\/blogdorogeriogomes.com.br\/noticias\/wp-json\/wp\/v2\/tags?post=7580"}],"curies":[{"name":"wp","href":"https:\/\/api.w.org\/{rel}","templated":true}]}}