{"id":7585,"date":"2017-12-12T09:01:14","date_gmt":"2017-12-12T09:01:14","guid":{"rendered":"http:\/\/blogdorogeriogomes.com.br\/?p=7585"},"modified":"2017-12-12T09:01:14","modified_gmt":"2017-12-12T09:01:14","slug":"tjce-suspende-atendimentos-no-forum-clovis-bevilaqua-ate-o-dia-19","status":"publish","type":"post","link":"https:\/\/blogdorogeriogomes.com.br\/noticias\/2017\/12\/tjce-suspende-atendimentos-no-forum-clovis-bevilaqua-ate-o-dia-19\/","title":{"rendered":"TJCE suspende atendimentos no F\u00f3rum Cl\u00f3vis Bevil\u00e1qua at\u00e9 o dia 19"},"content":{"rendered":"<p><img loading=\"lazy\" decoding=\"async\" class=\"alignnone size-medium wp-image-7586\" src=\"http:\/\/blogdorogeriogomes.com.br\/wp-content\/uploads\/2017\/12\/images-22-300x194.jpeg\" alt=\"images (22)\" width=\"300\" height=\"194\" srcset=\"https:\/\/blogdorogeriogomes.com.br\/noticias\/wp-content\/uploads\/2017\/12\/images-22-300x194.jpeg 300w, https:\/\/blogdorogeriogomes.com.br\/noticias\/wp-content\/uploads\/2017\/12\/images-22.jpeg 477w\" sizes=\"auto, (max-width: 300px) 100vw, 300px\" \/><\/p>\n<p><span style=\"font-weight: 400;\">O F\u00f3rum Cl\u00f3vis Bevil\u00e1qua est\u00e1 com o atendimento suspenso ao p\u00fablico at\u00e9 o pr\u00f3ximo dia 19 de dezembro, por determina\u00e7\u00e3o do Tribunal de Justi\u00e7a do Cear\u00e1 (TJCE). O objetivo da medida \u00e9 efetivar baixas processuais j\u00e1 existentes no acervo judici\u00e1rio. A suspens\u00e3o tinha sido definida ainda em novembro. Audi\u00eancias j\u00e1 agendadas e atendimentos em car\u00e1ter de urg\u00eancia est\u00e3o mantidos.<\/span><\/p>\n<p><span style=\"font-weight: 400;\">A Ordem de Advogados do Brasil &#8211; Sec\u00e7\u00e3o Cear\u00e1 questionou a decis\u00e3o de suspender o atendimento e acionou o Conselho Nacional de Justi\u00e7a (CNJ).<\/span><\/p>\n","protected":false},"excerpt":{"rendered":"<p>O F\u00f3rum Cl\u00f3vis Bevil\u00e1qua est\u00e1 com o atendimento suspenso ao p\u00fablico at\u00e9 o pr\u00f3ximo dia 19 de dezembro, por determina\u00e7\u00e3o do Tribunal de Justi\u00e7a do Cear\u00e1 (TJCE). O objetivo da medida \u00e9 efetivar baixas processuais j\u00e1 existentes no acervo judici\u00e1rio. A suspens\u00e3o tinha sido definida ainda em novembro. Audi\u00eancias j\u00e1 agendadas e atendimentos em car\u00e1ter de urg\u00eancia est\u00e3o mantidos. A Ordem de Advogados do Brasil &#8211; Sec\u00e7\u00e3o Cear\u00e1 questionou a decis\u00e3o de suspender o atendimento e acionou o Conselho&hellip;<\/p>\n","protected":false},"author":1,"featured_media":0,"comment_status":"open","ping_status":"open","sticky":false,"template":"","format":"standard","meta":{"footnotes":""},"categories":[1],"tags":[],"class_list":["post-7585","post","type-post","status-publish","format-standard","hentry","category-noticias"],"_links":{"self":[{"href":"https:\/\/blogdorogeriogomes.com.br\/noticias\/wp-json\/wp\/v2\/posts\/7585","targetHints":{"allow":["GET"]}}],"collection":[{"href":"https:\/\/blogdorogeriogomes.com.br\/noticias\/wp-json\/wp\/v2\/posts"}],"about":[{"href":"https:\/\/blogdorogeriogomes.com.br\/noticias\/wp-json\/wp\/v2\/types\/post"}],"author":[{"embeddable":true,"href":"https:\/\/blogdorogeriogomes.com.br\/noticias\/wp-json\/wp\/v2\/users\/1"}],"replies":[{"embeddable":true,"href":"https:\/\/blogdorogeriogomes.com.br\/noticias\/wp-json\/wp\/v2\/comments?post=7585"}],"version-history":[{"count":1,"href":"https:\/\/blogdorogeriogomes.com.br\/noticias\/wp-json\/wp\/v2\/posts\/7585\/revisions"}],"predecessor-version":[{"id":7587,"href":"https:\/\/blogdorogeriogomes.com.br\/noticias\/wp-json\/wp\/v2\/posts\/7585\/revisions\/7587"}],"wp:attachment":[{"href":"https:\/\/blogdorogeriogomes.com.br\/noticias\/wp-json\/wp\/v2\/media?parent=7585"}],"wp:term":[{"taxonomy":"category","embeddable":true,"href":"https:\/\/blogdorogeriogomes.com.br\/noticias\/wp-json\/wp\/v2\/categories?post=7585"},{"taxonomy":"post_tag","embeddable":true,"href":"https:\/\/blogdorogeriogomes.com.br\/noticias\/wp-json\/wp\/v2\/tags?post=7585"}],"curies":[{"name":"wp","href":"https:\/\/api.w.org\/{rel}","templated":true}]}}