{"id":7598,"date":"2017-12-13T08:39:07","date_gmt":"2017-12-13T08:39:07","guid":{"rendered":"http:\/\/blogdorogeriogomes.com.br\/?p=7598"},"modified":"2017-12-13T08:39:07","modified_gmt":"2017-12-13T08:39:07","slug":"danilo-forte-mostra-fidelidade-a-temer-e-diz-que-vota-a-favor-da-reforma-da-previdencia","status":"publish","type":"post","link":"https:\/\/blogdorogeriogomes.com.br\/noticias\/2017\/12\/danilo-forte-mostra-fidelidade-a-temer-e-diz-que-vota-a-favor-da-reforma-da-previdencia\/","title":{"rendered":"Danilo Forte mostra fidelidade a Temer e diz que vota a favor da Reforma da Previd\u00eancia"},"content":{"rendered":"<p><img loading=\"lazy\" decoding=\"async\" class=\"alignnone size-medium wp-image-7599\" src=\"http:\/\/blogdorogeriogomes.com.br\/wp-content\/uploads\/2017\/12\/images-23-300x196.jpeg\" alt=\"images (23)\" width=\"300\" height=\"196\" srcset=\"https:\/\/blogdorogeriogomes.com.br\/noticias\/wp-content\/uploads\/2017\/12\/images-23-300x196.jpeg 300w, https:\/\/blogdorogeriogomes.com.br\/noticias\/wp-content\/uploads\/2017\/12\/images-23.jpeg 474w\" sizes=\"auto, (max-width: 300px) 100vw, 300px\" \/><\/p>\n<p><span style=\"font-weight: 400;\">O Governo Temer j\u00e1 admite deixar a vota\u00e7\u00e3o da Reforma da Previd\u00eancia para o pr\u00f3ximo ano, porque n\u00e3o tem votos suficientes para aprov\u00e1-la ainda em dezembro. No Cear\u00e1, apenas um deputado federal declarou abertamente o voto a favor da mat\u00e9ria: Danilo Forte (sem partido). Ele demonstra fidelidade ao presidente Michel Temer.<\/span><\/p>\n<p><span style=\"font-weight: 400;\">Est\u00e3o contra a Reforma da Previd\u00eancia os parlamentares federais Jos\u00e9 Airton (PT), Luizianne Lins (PT), Jos\u00e9 Guimar\u00e3es (PT), Andr\u00e9 Figueiredo (PDT), Chico Lopes (PCdoB), Ariosto Holanda (PDT), Le\u00f4nidas Cristino (PDT), Vicente Arruda (PDT), Vitor Valim (PMDB), Cabo Sabino (PR), Gorete Pereira (PR), Moses Rodrigues (PMDB), Domingos Neto (PSD), Genecias Noronha (SD), Odorico Monteiro (PSB) e Moses Rodrigues (PMDB).<\/span><\/p>\n<p><span style=\"font-weight: 400;\">Ainda est\u00e3o indecisos os deputados Vaidon Oliveira (PROS), Ronaldo Martins (PRB), Macedo (PP), Adail Carneiro (PP) e An\u00edbal Gomes (PMDB).<\/span><\/p>\n<p><span style=\"font-weight: 400;\">Analistas pol\u00edticos avaliam que se ficar para o pr\u00f3ximo ano, a\u00ed \u00e9 que a Reforma da Previd\u00eancia n\u00e3o ir\u00e1 para a vota\u00e7\u00e3o. Em ano eleitoral, quem \u00e9 o deputado federal que vai \u201carriscar a pele\u201d votando em projeto impopular?<\/span><\/p>\n","protected":false},"excerpt":{"rendered":"<p>O Governo Temer j\u00e1 admite deixar a vota\u00e7\u00e3o da Reforma da Previd\u00eancia para o pr\u00f3ximo ano, porque n\u00e3o tem votos suficientes para aprov\u00e1-la ainda em dezembro. No Cear\u00e1, apenas um deputado federal declarou abertamente o voto a favor da mat\u00e9ria: Danilo Forte (sem partido). Ele demonstra fidelidade ao presidente Michel Temer. Est\u00e3o contra a Reforma da Previd\u00eancia os parlamentares federais Jos\u00e9 Airton (PT), Luizianne Lins (PT), Jos\u00e9 Guimar\u00e3es (PT), Andr\u00e9 Figueiredo (PDT), Chico Lopes (PCdoB), Ariosto Holanda (PDT), Le\u00f4nidas&hellip;<\/p>\n","protected":false},"author":1,"featured_media":0,"comment_status":"open","ping_status":"open","sticky":false,"template":"","format":"standard","meta":{"footnotes":""},"categories":[1],"tags":[],"class_list":["post-7598","post","type-post","status-publish","format-standard","hentry","category-noticias"],"_links":{"self":[{"href":"https:\/\/blogdorogeriogomes.com.br\/noticias\/wp-json\/wp\/v2\/posts\/7598","targetHints":{"allow":["GET"]}}],"collection":[{"href":"https:\/\/blogdorogeriogomes.com.br\/noticias\/wp-json\/wp\/v2\/posts"}],"about":[{"href":"https:\/\/blogdorogeriogomes.com.br\/noticias\/wp-json\/wp\/v2\/types\/post"}],"author":[{"embeddable":true,"href":"https:\/\/blogdorogeriogomes.com.br\/noticias\/wp-json\/wp\/v2\/users\/1"}],"replies":[{"embeddable":true,"href":"https:\/\/blogdorogeriogomes.com.br\/noticias\/wp-json\/wp\/v2\/comments?post=7598"}],"version-history":[{"count":1,"href":"https:\/\/blogdorogeriogomes.com.br\/noticias\/wp-json\/wp\/v2\/posts\/7598\/revisions"}],"predecessor-version":[{"id":7600,"href":"https:\/\/blogdorogeriogomes.com.br\/noticias\/wp-json\/wp\/v2\/posts\/7598\/revisions\/7600"}],"wp:attachment":[{"href":"https:\/\/blogdorogeriogomes.com.br\/noticias\/wp-json\/wp\/v2\/media?parent=7598"}],"wp:term":[{"taxonomy":"category","embeddable":true,"href":"https:\/\/blogdorogeriogomes.com.br\/noticias\/wp-json\/wp\/v2\/categories?post=7598"},{"taxonomy":"post_tag","embeddable":true,"href":"https:\/\/blogdorogeriogomes.com.br\/noticias\/wp-json\/wp\/v2\/tags?post=7598"}],"curies":[{"name":"wp","href":"https:\/\/api.w.org\/{rel}","templated":true}]}}