{"id":7601,"date":"2017-12-13T08:51:34","date_gmt":"2017-12-13T08:51:34","guid":{"rendered":"http:\/\/blogdorogeriogomes.com.br\/?p=7601"},"modified":"2017-12-13T08:51:34","modified_gmt":"2017-12-13T08:51:34","slug":"obra-da-transnordestina-deve-ser-retomada-diz-governo","status":"publish","type":"post","link":"https:\/\/blogdorogeriogomes.com.br\/noticias\/2017\/12\/obra-da-transnordestina-deve-ser-retomada-diz-governo\/","title":{"rendered":"Obra da Transnordestina deve ser retomada, diz Governo"},"content":{"rendered":"<p><img loading=\"lazy\" decoding=\"async\" class=\"alignnone size-medium wp-image-7602\" src=\"http:\/\/blogdorogeriogomes.com.br\/wp-content\/uploads\/2017\/12\/IMG_20171213_055330_854-300x193.jpg\" alt=\"IMG_20171213_055330_854\" width=\"300\" height=\"193\" srcset=\"https:\/\/blogdorogeriogomes.com.br\/noticias\/wp-content\/uploads\/2017\/12\/IMG_20171213_055330_854-300x193.jpg 300w, https:\/\/blogdorogeriogomes.com.br\/noticias\/wp-content\/uploads\/2017\/12\/IMG_20171213_055330_854-768x494.jpg 768w, https:\/\/blogdorogeriogomes.com.br\/noticias\/wp-content\/uploads\/2017\/12\/IMG_20171213_055330_854-1024x658.jpg 1024w, https:\/\/blogdorogeriogomes.com.br\/noticias\/wp-content\/uploads\/2017\/12\/IMG_20171213_055330_854.jpg 1209w\" sizes=\"auto, (max-width: 300px) 100vw, 300px\" \/><\/p>\n<p><span style=\"font-weight: 400;\">Uma estrada de ferro com 1.728 km de extens\u00e3o, que ligar\u00e1 o munic\u00edpio de Eliseu Martins (PI), aos portos de Pec\u00e9m (CE) e Suape (PE). Essa \u00e9 a Transnordestina que, segundo o Governo Federal, dever\u00e1 ter as obras retomadas ap\u00f3s 11 anos e R$ 6,2 bilh\u00f5es investidos. No Cear\u00e1, a obra est\u00e1 com todos os canteiros abandonados.<\/span><\/p>\n<p><span style=\"font-weight: 400;\">O assunto foi tema de audi\u00eancia p\u00fablica na C\u00e2mara dos Deputados, tendo \u00e0 frente o coordenador da Comiss\u00e3o Externa que monitora o projeto, deputado federal Raimundo Gomes de Matos (PSDB-CE). Ele disse que, semana passada, a obra voltou a ser autorizada pelo Tribunal de Contas da Uni\u00e3o a receber investimentos.<\/span><\/p>\n","protected":false},"excerpt":{"rendered":"<p>Uma estrada de ferro com 1.728 km de extens\u00e3o, que ligar\u00e1 o munic\u00edpio de Eliseu Martins (PI), aos portos de Pec\u00e9m (CE) e Suape (PE). Essa \u00e9 a Transnordestina que, segundo o Governo Federal, dever\u00e1 ter as obras retomadas ap\u00f3s 11 anos e R$ 6,2 bilh\u00f5es investidos. No Cear\u00e1, a obra est\u00e1 com todos os canteiros abandonados. O assunto foi tema de audi\u00eancia p\u00fablica na C\u00e2mara dos Deputados, tendo \u00e0 frente o coordenador da Comiss\u00e3o Externa que monitora o&hellip;<\/p>\n","protected":false},"author":1,"featured_media":0,"comment_status":"open","ping_status":"open","sticky":false,"template":"","format":"standard","meta":{"footnotes":""},"categories":[1],"tags":[],"class_list":["post-7601","post","type-post","status-publish","format-standard","hentry","category-noticias"],"_links":{"self":[{"href":"https:\/\/blogdorogeriogomes.com.br\/noticias\/wp-json\/wp\/v2\/posts\/7601","targetHints":{"allow":["GET"]}}],"collection":[{"href":"https:\/\/blogdorogeriogomes.com.br\/noticias\/wp-json\/wp\/v2\/posts"}],"about":[{"href":"https:\/\/blogdorogeriogomes.com.br\/noticias\/wp-json\/wp\/v2\/types\/post"}],"author":[{"embeddable":true,"href":"https:\/\/blogdorogeriogomes.com.br\/noticias\/wp-json\/wp\/v2\/users\/1"}],"replies":[{"embeddable":true,"href":"https:\/\/blogdorogeriogomes.com.br\/noticias\/wp-json\/wp\/v2\/comments?post=7601"}],"version-history":[{"count":1,"href":"https:\/\/blogdorogeriogomes.com.br\/noticias\/wp-json\/wp\/v2\/posts\/7601\/revisions"}],"predecessor-version":[{"id":7603,"href":"https:\/\/blogdorogeriogomes.com.br\/noticias\/wp-json\/wp\/v2\/posts\/7601\/revisions\/7603"}],"wp:attachment":[{"href":"https:\/\/blogdorogeriogomes.com.br\/noticias\/wp-json\/wp\/v2\/media?parent=7601"}],"wp:term":[{"taxonomy":"category","embeddable":true,"href":"https:\/\/blogdorogeriogomes.com.br\/noticias\/wp-json\/wp\/v2\/categories?post=7601"},{"taxonomy":"post_tag","embeddable":true,"href":"https:\/\/blogdorogeriogomes.com.br\/noticias\/wp-json\/wp\/v2\/tags?post=7601"}],"curies":[{"name":"wp","href":"https:\/\/api.w.org\/{rel}","templated":true}]}}