{"id":7607,"date":"2017-12-13T20:24:23","date_gmt":"2017-12-13T20:24:23","guid":{"rendered":"http:\/\/blogdorogeriogomes.com.br\/?p=7607"},"modified":"2017-12-13T20:24:23","modified_gmt":"2017-12-13T20:24:23","slug":"hospital-regional-do-sertao-central-assegura-recurso-extra","status":"publish","type":"post","link":"https:\/\/blogdorogeriogomes.com.br\/noticias\/2017\/12\/hospital-regional-do-sertao-central-assegura-recurso-extra\/","title":{"rendered":"Hospital Regional do Sert\u00e3o Central assegura recurso extra"},"content":{"rendered":"<p><img loading=\"lazy\" decoding=\"async\" class=\"alignnone size-medium wp-image-7608\" src=\"http:\/\/blogdorogeriogomes.com.br\/wp-content\/uploads\/2017\/12\/images-25-300x225.jpeg\" alt=\"images (25)\" width=\"300\" height=\"225\" srcset=\"https:\/\/blogdorogeriogomes.com.br\/noticias\/wp-content\/uploads\/2017\/12\/images-25-300x225.jpeg 300w, https:\/\/blogdorogeriogomes.com.br\/noticias\/wp-content\/uploads\/2017\/12\/images-25.jpeg 443w\" sizes=\"auto, (max-width: 300px) 100vw, 300px\" \/><\/p>\n<p><span style=\"font-weight: 400;\">O Governo Federal confirmou a libera\u00e7\u00e3o de R$ 30 milh\u00f5es de reais para o custeio do Hospital Regional do Sert\u00e3o Central, em Quixeramobim. A unidade funciona hoje com apenas 35% de sua capacidade. Os servi\u00e7os atuais s\u00e3o de UTI adulta, cirurgia e cl\u00ednica m\u00e9dica. O setor de AVC est\u00e1 em implanta\u00e7\u00e3o.<\/span><\/p>\n<p><span style=\"font-weight: 400;\">O recurso extra foi anunciado, durante um ato em Bras\u00edlia, pelo governador Camilo Santana e pelo presidente do Senado, Eun\u00edcio Oliveira. Com o aporte, a Secretaria de Sa\u00fade do Estado vai receber R$ 474 milh\u00f5es por ano para o custeio do bloco M\u00e9dia de Alta Complexidade da unidade em Quixeramobim.<\/span><\/p>\n","protected":false},"excerpt":{"rendered":"<p>O Governo Federal confirmou a libera\u00e7\u00e3o de R$ 30 milh\u00f5es de reais para o custeio do Hospital Regional do Sert\u00e3o Central, em Quixeramobim. A unidade funciona hoje com apenas 35% de sua capacidade. Os servi\u00e7os atuais s\u00e3o de UTI adulta, cirurgia e cl\u00ednica m\u00e9dica. O setor de AVC est\u00e1 em implanta\u00e7\u00e3o. O recurso extra foi anunciado, durante um ato em Bras\u00edlia, pelo governador Camilo Santana e pelo presidente do Senado, Eun\u00edcio Oliveira. Com o aporte, a Secretaria de Sa\u00fade&hellip;<\/p>\n","protected":false},"author":1,"featured_media":0,"comment_status":"open","ping_status":"open","sticky":false,"template":"","format":"standard","meta":{"footnotes":""},"categories":[1],"tags":[],"class_list":["post-7607","post","type-post","status-publish","format-standard","hentry","category-noticias"],"_links":{"self":[{"href":"https:\/\/blogdorogeriogomes.com.br\/noticias\/wp-json\/wp\/v2\/posts\/7607","targetHints":{"allow":["GET"]}}],"collection":[{"href":"https:\/\/blogdorogeriogomes.com.br\/noticias\/wp-json\/wp\/v2\/posts"}],"about":[{"href":"https:\/\/blogdorogeriogomes.com.br\/noticias\/wp-json\/wp\/v2\/types\/post"}],"author":[{"embeddable":true,"href":"https:\/\/blogdorogeriogomes.com.br\/noticias\/wp-json\/wp\/v2\/users\/1"}],"replies":[{"embeddable":true,"href":"https:\/\/blogdorogeriogomes.com.br\/noticias\/wp-json\/wp\/v2\/comments?post=7607"}],"version-history":[{"count":1,"href":"https:\/\/blogdorogeriogomes.com.br\/noticias\/wp-json\/wp\/v2\/posts\/7607\/revisions"}],"predecessor-version":[{"id":7609,"href":"https:\/\/blogdorogeriogomes.com.br\/noticias\/wp-json\/wp\/v2\/posts\/7607\/revisions\/7609"}],"wp:attachment":[{"href":"https:\/\/blogdorogeriogomes.com.br\/noticias\/wp-json\/wp\/v2\/media?parent=7607"}],"wp:term":[{"taxonomy":"category","embeddable":true,"href":"https:\/\/blogdorogeriogomes.com.br\/noticias\/wp-json\/wp\/v2\/categories?post=7607"},{"taxonomy":"post_tag","embeddable":true,"href":"https:\/\/blogdorogeriogomes.com.br\/noticias\/wp-json\/wp\/v2\/tags?post=7607"}],"curies":[{"name":"wp","href":"https:\/\/api.w.org\/{rel}","templated":true}]}}