{"id":7616,"date":"2017-12-14T21:34:06","date_gmt":"2017-12-14T21:34:06","guid":{"rendered":"http:\/\/blogdorogeriogomes.com.br\/?p=7616"},"modified":"2017-12-14T21:34:06","modified_gmt":"2017-12-14T21:34:06","slug":"sem-voto-para-aprovacao-votacao-da-reforma-da-previdencia-fica-pra-fevereiro","status":"publish","type":"post","link":"https:\/\/blogdorogeriogomes.com.br\/noticias\/2017\/12\/sem-voto-para-aprovacao-votacao-da-reforma-da-previdencia-fica-pra-fevereiro\/","title":{"rendered":"Sem voto para aprova\u00e7\u00e3o, vota\u00e7\u00e3o da Reforma da Previd\u00eancia fica pra fevereiro"},"content":{"rendered":"<p><img loading=\"lazy\" decoding=\"async\" class=\"alignnone size-full wp-image-7617\" src=\"http:\/\/blogdorogeriogomes.com.br\/wp-content\/uploads\/2017\/12\/download-3.jpeg\" alt=\"download (3)\" width=\"275\" height=\"183\" \/><\/p>\n<p><span style=\"font-weight: 400;\">O que se comentava nos bastidores pol\u00edticos de Bras\u00edlia aconteceu. Sem os 308 votos necess\u00e1rios pra aprovar a Reforma da Previd\u00eancia, o Governo Federal \u201cempurra com a barriga\u201d para que a mat\u00e9ria seja votada apenas em 2018. O presidente da C\u00e2mara, Rodrigo Maia, marcou uma nova data para 19 de fevereiro. \u00c9 a primeira segunda-feira ap\u00f3s o Carnaval, que em 2018 cai no dia 13 de fevereiro.<\/span><span style=\"font-weight: 400;\"><br \/>\n<\/span><span style=\"font-weight: 400;\">A equipe econ\u00f4mica de Temer, claro, n\u00e3o ficou nada satisfeita com a not\u00edcia. O <\/span><span style=\"font-weight: 400;\"><br \/>\n<\/span><span style=\"font-weight: 400;\">ministro da Fazenda, Henrique Meirelles, j\u00e1 avisou: o governo n\u00e3o est\u00e1 aberto a novas negocia\u00e7\u00f5es para a Reforma da Previd\u00eancia. Ou seja, n\u00e3o haver\u00e1 mudan\u00e7as em rela\u00e7\u00e3o ao projeto que a\u00ed est\u00e1.<\/span><\/p>\n","protected":false},"excerpt":{"rendered":"<p>O que se comentava nos bastidores pol\u00edticos de Bras\u00edlia aconteceu. Sem os 308 votos necess\u00e1rios pra aprovar a Reforma da Previd\u00eancia, o Governo Federal \u201cempurra com a barriga\u201d para que a mat\u00e9ria seja votada apenas em 2018. O presidente da C\u00e2mara, Rodrigo Maia, marcou uma nova data para 19 de fevereiro. \u00c9 a primeira segunda-feira ap\u00f3s o Carnaval, que em 2018 cai no dia 13 de fevereiro. A equipe econ\u00f4mica de Temer, claro, n\u00e3o ficou nada satisfeita com a&hellip;<\/p>\n","protected":false},"author":1,"featured_media":0,"comment_status":"open","ping_status":"open","sticky":false,"template":"","format":"standard","meta":{"footnotes":""},"categories":[1],"tags":[],"class_list":["post-7616","post","type-post","status-publish","format-standard","hentry","category-noticias"],"_links":{"self":[{"href":"https:\/\/blogdorogeriogomes.com.br\/noticias\/wp-json\/wp\/v2\/posts\/7616","targetHints":{"allow":["GET"]}}],"collection":[{"href":"https:\/\/blogdorogeriogomes.com.br\/noticias\/wp-json\/wp\/v2\/posts"}],"about":[{"href":"https:\/\/blogdorogeriogomes.com.br\/noticias\/wp-json\/wp\/v2\/types\/post"}],"author":[{"embeddable":true,"href":"https:\/\/blogdorogeriogomes.com.br\/noticias\/wp-json\/wp\/v2\/users\/1"}],"replies":[{"embeddable":true,"href":"https:\/\/blogdorogeriogomes.com.br\/noticias\/wp-json\/wp\/v2\/comments?post=7616"}],"version-history":[{"count":1,"href":"https:\/\/blogdorogeriogomes.com.br\/noticias\/wp-json\/wp\/v2\/posts\/7616\/revisions"}],"predecessor-version":[{"id":7618,"href":"https:\/\/blogdorogeriogomes.com.br\/noticias\/wp-json\/wp\/v2\/posts\/7616\/revisions\/7618"}],"wp:attachment":[{"href":"https:\/\/blogdorogeriogomes.com.br\/noticias\/wp-json\/wp\/v2\/media?parent=7616"}],"wp:term":[{"taxonomy":"category","embeddable":true,"href":"https:\/\/blogdorogeriogomes.com.br\/noticias\/wp-json\/wp\/v2\/categories?post=7616"},{"taxonomy":"post_tag","embeddable":true,"href":"https:\/\/blogdorogeriogomes.com.br\/noticias\/wp-json\/wp\/v2\/tags?post=7616"}],"curies":[{"name":"wp","href":"https:\/\/api.w.org\/{rel}","templated":true}]}}