{"id":7625,"date":"2017-12-15T09:08:06","date_gmt":"2017-12-15T09:08:06","guid":{"rendered":"http:\/\/blogdorogeriogomes.com.br\/?p=7625"},"modified":"2017-12-15T09:08:06","modified_gmt":"2017-12-15T09:08:06","slug":"ministro-da-educacao-esta-em-fortaleza-nesta-sexta-feira","status":"publish","type":"post","link":"https:\/\/blogdorogeriogomes.com.br\/noticias\/2017\/12\/ministro-da-educacao-esta-em-fortaleza-nesta-sexta-feira\/","title":{"rendered":"Ministro da Educa\u00e7\u00e3o est\u00e1 em Fortaleza nesta sexta-feira"},"content":{"rendered":"<p><img loading=\"lazy\" decoding=\"async\" class=\"alignnone size-medium wp-image-7626\" src=\"http:\/\/blogdorogeriogomes.com.br\/wp-content\/uploads\/2017\/12\/17203142_1494785197198588_105863963374488024_n-300x194.jpg\" alt=\"17203142_1494785197198588_105863963374488024_n\" width=\"300\" height=\"194\" srcset=\"https:\/\/blogdorogeriogomes.com.br\/noticias\/wp-content\/uploads\/2017\/12\/17203142_1494785197198588_105863963374488024_n-300x194.jpg 300w, https:\/\/blogdorogeriogomes.com.br\/noticias\/wp-content\/uploads\/2017\/12\/17203142_1494785197198588_105863963374488024_n-768x498.jpg 768w, https:\/\/blogdorogeriogomes.com.br\/noticias\/wp-content\/uploads\/2017\/12\/17203142_1494785197198588_105863963374488024_n.jpg 960w\" sizes=\"auto, (max-width: 300px) 100vw, 300px\" \/><\/p>\n<p><span style=\"font-weight: 400;\">A educa\u00e7\u00e3o no Estado vai receber novos recursos federais. O governador Camilo Santana recebe o ministro da Educa\u00e7\u00e3o, Mendon\u00e7a Filho, nesta sexta-feira, dia 15 de dezembro, no Pal\u00e1cio da Aboli\u00e7\u00e3o. Camilo e Mendon\u00e7a anunciam recursos para a constru\u00e7\u00e3o de novas escolas em Fortaleza e interior do Estado. <\/span><\/p>\n<p><span style=\"font-weight: 400;\">Fazem parte da solenidade, a vice-governadora, Izolda Cela, e do secret\u00e1rio da Educa\u00e7\u00e3o, Idilvan Alencar. O Governo do Cear\u00e1 t\u00eam feito da educa\u00e7\u00e3o uma de suas bandeiras de investimento, diante dos bons resultados de desempenho escolar obtidos por estabelecimentos da Capital e do interior.<\/span><\/p>\n","protected":false},"excerpt":{"rendered":"<p>A educa\u00e7\u00e3o no Estado vai receber novos recursos federais. O governador Camilo Santana recebe o ministro da Educa\u00e7\u00e3o, Mendon\u00e7a Filho, nesta sexta-feira, dia 15 de dezembro, no Pal\u00e1cio da Aboli\u00e7\u00e3o. Camilo e Mendon\u00e7a anunciam recursos para a constru\u00e7\u00e3o de novas escolas em Fortaleza e interior do Estado. Fazem parte da solenidade, a vice-governadora, Izolda Cela, e do secret\u00e1rio da Educa\u00e7\u00e3o, Idilvan Alencar. O Governo do Cear\u00e1 t\u00eam feito da educa\u00e7\u00e3o uma de suas bandeiras de investimento, diante dos bons&hellip;<\/p>\n","protected":false},"author":1,"featured_media":0,"comment_status":"open","ping_status":"open","sticky":false,"template":"","format":"standard","meta":{"footnotes":""},"categories":[1],"tags":[],"class_list":["post-7625","post","type-post","status-publish","format-standard","hentry","category-noticias"],"_links":{"self":[{"href":"https:\/\/blogdorogeriogomes.com.br\/noticias\/wp-json\/wp\/v2\/posts\/7625","targetHints":{"allow":["GET"]}}],"collection":[{"href":"https:\/\/blogdorogeriogomes.com.br\/noticias\/wp-json\/wp\/v2\/posts"}],"about":[{"href":"https:\/\/blogdorogeriogomes.com.br\/noticias\/wp-json\/wp\/v2\/types\/post"}],"author":[{"embeddable":true,"href":"https:\/\/blogdorogeriogomes.com.br\/noticias\/wp-json\/wp\/v2\/users\/1"}],"replies":[{"embeddable":true,"href":"https:\/\/blogdorogeriogomes.com.br\/noticias\/wp-json\/wp\/v2\/comments?post=7625"}],"version-history":[{"count":1,"href":"https:\/\/blogdorogeriogomes.com.br\/noticias\/wp-json\/wp\/v2\/posts\/7625\/revisions"}],"predecessor-version":[{"id":7627,"href":"https:\/\/blogdorogeriogomes.com.br\/noticias\/wp-json\/wp\/v2\/posts\/7625\/revisions\/7627"}],"wp:attachment":[{"href":"https:\/\/blogdorogeriogomes.com.br\/noticias\/wp-json\/wp\/v2\/media?parent=7625"}],"wp:term":[{"taxonomy":"category","embeddable":true,"href":"https:\/\/blogdorogeriogomes.com.br\/noticias\/wp-json\/wp\/v2\/categories?post=7625"},{"taxonomy":"post_tag","embeddable":true,"href":"https:\/\/blogdorogeriogomes.com.br\/noticias\/wp-json\/wp\/v2\/tags?post=7625"}],"curies":[{"name":"wp","href":"https:\/\/api.w.org\/{rel}","templated":true}]}}