{"id":7628,"date":"2017-12-15T16:04:48","date_gmt":"2017-12-15T16:04:48","guid":{"rendered":"http:\/\/blogdorogeriogomes.com.br\/?p=7628"},"modified":"2017-12-15T16:04:48","modified_gmt":"2017-12-15T16:04:48","slug":"rodrigo-maia-nega-que-seja-candidato-a-presidencia-da-republica-em-2018","status":"publish","type":"post","link":"https:\/\/blogdorogeriogomes.com.br\/noticias\/2017\/12\/rodrigo-maia-nega-que-seja-candidato-a-presidencia-da-republica-em-2018\/","title":{"rendered":"Rodrigo Maia nega que seja candidato \u00e0 Presid\u00eancia da Rep\u00fablica em 2018"},"content":{"rendered":"<p><img loading=\"lazy\" decoding=\"async\" class=\"alignnone size-medium wp-image-7629\" src=\"http:\/\/blogdorogeriogomes.com.br\/wp-content\/uploads\/2017\/12\/IMG-20171215-WA0053-300x169.jpg\" alt=\"IMG-20171215-WA0053\" width=\"300\" height=\"169\" srcset=\"https:\/\/blogdorogeriogomes.com.br\/noticias\/wp-content\/uploads\/2017\/12\/IMG-20171215-WA0053-300x169.jpg 300w, https:\/\/blogdorogeriogomes.com.br\/noticias\/wp-content\/uploads\/2017\/12\/IMG-20171215-WA0053-768x432.jpg 768w, https:\/\/blogdorogeriogomes.com.br\/noticias\/wp-content\/uploads\/2017\/12\/IMG-20171215-WA0053-1024x576.jpg 1024w, https:\/\/blogdorogeriogomes.com.br\/noticias\/wp-content\/uploads\/2017\/12\/IMG-20171215-WA0053.jpg 1040w\" sizes=\"auto, (max-width: 300px) 100vw, 300px\" \/><\/p>\n<p><span style=\"font-weight: 400;\">O deputado federal Danilo Forte se filiou nesta sexta-feira, dia 15 de dezembro, ao Democratas durante solenidade na Assembleia Legislativa. O ato foi prestigiado pelo presidente nacional do DEM, Rodrigo Maia, que \u00e9 tamb\u00e9m o presidente da C\u00e2mara dos Deputados.<\/span><\/p>\n<p><span style=\"font-weight: 400;\">Danilo Forte chega ao Democratas com o aval do presidente nacional do partido Rodrigo Maia, que veio prestigiar a filia\u00e7\u00e3o do deputado federal cearense. Durante o evento, correligion\u00e1rios do presidente da C\u00e2mara defenderam o nome dele para a Presid\u00eancia da Rep\u00fablica em 2018.<\/span><\/p>\n<p><span style=\"font-weight: 400;\">O Democratas ainda n\u00e3o definiu se ter\u00e1 candidatura pr\u00f3pria para o Planalto, mas Rodrigo Maia deixou claro que pretende concorrer a reelei\u00e7\u00e3o para deputado federal pelo Rio de Janeiro.<\/span><\/p>\n","protected":false},"excerpt":{"rendered":"<p>O deputado federal Danilo Forte se filiou nesta sexta-feira, dia 15 de dezembro, ao Democratas durante solenidade na Assembleia Legislativa. O ato foi prestigiado pelo presidente nacional do DEM, Rodrigo Maia, que \u00e9 tamb\u00e9m o presidente da C\u00e2mara dos Deputados. Danilo Forte chega ao Democratas com o aval do presidente nacional do partido Rodrigo Maia, que veio prestigiar a filia\u00e7\u00e3o do deputado federal cearense. Durante o evento, correligion\u00e1rios do presidente da C\u00e2mara defenderam o nome dele para a Presid\u00eancia&hellip;<\/p>\n","protected":false},"author":1,"featured_media":0,"comment_status":"open","ping_status":"open","sticky":false,"template":"","format":"standard","meta":{"footnotes":""},"categories":[1],"tags":[],"class_list":["post-7628","post","type-post","status-publish","format-standard","hentry","category-noticias"],"_links":{"self":[{"href":"https:\/\/blogdorogeriogomes.com.br\/noticias\/wp-json\/wp\/v2\/posts\/7628","targetHints":{"allow":["GET"]}}],"collection":[{"href":"https:\/\/blogdorogeriogomes.com.br\/noticias\/wp-json\/wp\/v2\/posts"}],"about":[{"href":"https:\/\/blogdorogeriogomes.com.br\/noticias\/wp-json\/wp\/v2\/types\/post"}],"author":[{"embeddable":true,"href":"https:\/\/blogdorogeriogomes.com.br\/noticias\/wp-json\/wp\/v2\/users\/1"}],"replies":[{"embeddable":true,"href":"https:\/\/blogdorogeriogomes.com.br\/noticias\/wp-json\/wp\/v2\/comments?post=7628"}],"version-history":[{"count":1,"href":"https:\/\/blogdorogeriogomes.com.br\/noticias\/wp-json\/wp\/v2\/posts\/7628\/revisions"}],"predecessor-version":[{"id":7630,"href":"https:\/\/blogdorogeriogomes.com.br\/noticias\/wp-json\/wp\/v2\/posts\/7628\/revisions\/7630"}],"wp:attachment":[{"href":"https:\/\/blogdorogeriogomes.com.br\/noticias\/wp-json\/wp\/v2\/media?parent=7628"}],"wp:term":[{"taxonomy":"category","embeddable":true,"href":"https:\/\/blogdorogeriogomes.com.br\/noticias\/wp-json\/wp\/v2\/categories?post=7628"},{"taxonomy":"post_tag","embeddable":true,"href":"https:\/\/blogdorogeriogomes.com.br\/noticias\/wp-json\/wp\/v2\/tags?post=7628"}],"curies":[{"name":"wp","href":"https:\/\/api.w.org\/{rel}","templated":true}]}}