{"id":7632,"date":"2017-12-18T10:29:44","date_gmt":"2017-12-18T10:29:44","guid":{"rendered":"http:\/\/blogdorogeriogomes.com.br\/?p=7632"},"modified":"2017-12-18T10:29:44","modified_gmt":"2017-12-18T10:29:44","slug":"camara-federal-fecha-pauta-e-entra-em-recesso-esta-semana","status":"publish","type":"post","link":"https:\/\/blogdorogeriogomes.com.br\/noticias\/2017\/12\/camara-federal-fecha-pauta-e-entra-em-recesso-esta-semana\/","title":{"rendered":"C\u00e2mara Federal fecha pauta e entra em recesso esta semana"},"content":{"rendered":"<p><img loading=\"lazy\" decoding=\"async\" class=\"alignnone size-medium wp-image-7633\" src=\"http:\/\/blogdorogeriogomes.com.br\/wp-content\/uploads\/2017\/12\/images-29-300x169.jpeg\" alt=\"images (29)\" width=\"300\" height=\"169\" srcset=\"https:\/\/blogdorogeriogomes.com.br\/noticias\/wp-content\/uploads\/2017\/12\/images-29-300x169.jpeg 300w, https:\/\/blogdorogeriogomes.com.br\/noticias\/wp-content\/uploads\/2017\/12\/images-29.jpeg 511w\" sizes=\"auto, (max-width: 300px) 100vw, 300px\" \/><\/p>\n<p><span style=\"font-weight: 400;\">Sem conseguir votar a Reforma da Previd\u00eancia ainda este ano, deputados federais encerram esta semana os trabalhos na C\u00e2mara Federal. O recesso parlamentar come\u00e7a no pr\u00f3ximo dia 23 e se estende at\u00e9 fevereiro.<\/span><span style=\"font-weight: 400;\"><br \/>\n<\/span><span style=\"font-weight: 400;\">Para esta semana, os parlamentares devem analisar ainda propostas como a regulamenta\u00e7\u00e3o da atividade de lobby e o projeto de lei que cria metas de redu\u00e7\u00e3o do n\u00famero de mortes no tr\u00e2nsito. As vota\u00e7\u00f5es devem ocorrer at\u00e9 a quarta-feira, dia 20 de dezembro.<\/span><\/p>\n<p><span style=\"font-weight: 400;\">Quanto a Reforma da Previd\u00eancia, a meta \u00e9 voltar \u00e0s discuss\u00f5es em fevereiro. \u00c9 mais tempo para o Governo Federal tentar convencer os parlamentares. Mas est\u00e1 dif\u00edcil conseguir os 308 votos para aprovar a mat\u00e9ria.<\/span><\/p>\n","protected":false},"excerpt":{"rendered":"<p>Sem conseguir votar a Reforma da Previd\u00eancia ainda este ano, deputados federais encerram esta semana os trabalhos na C\u00e2mara Federal. O recesso parlamentar come\u00e7a no pr\u00f3ximo dia 23 e se estende at\u00e9 fevereiro. Para esta semana, os parlamentares devem analisar ainda propostas como a regulamenta\u00e7\u00e3o da atividade de lobby e o projeto de lei que cria metas de redu\u00e7\u00e3o do n\u00famero de mortes no tr\u00e2nsito. As vota\u00e7\u00f5es devem ocorrer at\u00e9 a quarta-feira, dia 20 de dezembro. Quanto a Reforma&hellip;<\/p>\n","protected":false},"author":1,"featured_media":0,"comment_status":"open","ping_status":"open","sticky":false,"template":"","format":"standard","meta":{"footnotes":""},"categories":[1],"tags":[],"class_list":["post-7632","post","type-post","status-publish","format-standard","hentry","category-noticias"],"_links":{"self":[{"href":"https:\/\/blogdorogeriogomes.com.br\/noticias\/wp-json\/wp\/v2\/posts\/7632","targetHints":{"allow":["GET"]}}],"collection":[{"href":"https:\/\/blogdorogeriogomes.com.br\/noticias\/wp-json\/wp\/v2\/posts"}],"about":[{"href":"https:\/\/blogdorogeriogomes.com.br\/noticias\/wp-json\/wp\/v2\/types\/post"}],"author":[{"embeddable":true,"href":"https:\/\/blogdorogeriogomes.com.br\/noticias\/wp-json\/wp\/v2\/users\/1"}],"replies":[{"embeddable":true,"href":"https:\/\/blogdorogeriogomes.com.br\/noticias\/wp-json\/wp\/v2\/comments?post=7632"}],"version-history":[{"count":1,"href":"https:\/\/blogdorogeriogomes.com.br\/noticias\/wp-json\/wp\/v2\/posts\/7632\/revisions"}],"predecessor-version":[{"id":7634,"href":"https:\/\/blogdorogeriogomes.com.br\/noticias\/wp-json\/wp\/v2\/posts\/7632\/revisions\/7634"}],"wp:attachment":[{"href":"https:\/\/blogdorogeriogomes.com.br\/noticias\/wp-json\/wp\/v2\/media?parent=7632"}],"wp:term":[{"taxonomy":"category","embeddable":true,"href":"https:\/\/blogdorogeriogomes.com.br\/noticias\/wp-json\/wp\/v2\/categories?post=7632"},{"taxonomy":"post_tag","embeddable":true,"href":"https:\/\/blogdorogeriogomes.com.br\/noticias\/wp-json\/wp\/v2\/tags?post=7632"}],"curies":[{"name":"wp","href":"https:\/\/api.w.org\/{rel}","templated":true}]}}