{"id":7641,"date":"2017-12-18T21:06:09","date_gmt":"2017-12-18T21:06:09","guid":{"rendered":"http:\/\/blogdorogeriogomes.com.br\/?p=7641"},"modified":"2017-12-18T21:07:44","modified_gmt":"2017-12-18T21:07:44","slug":"camargo-correa-denuncia-cartel-de-empreiteiras-em-obras-de-metro","status":"publish","type":"post","link":"https:\/\/blogdorogeriogomes.com.br\/noticias\/2017\/12\/camargo-correa-denuncia-cartel-de-empreiteiras-em-obras-de-metro\/","title":{"rendered":"Camargo Correa denuncia cartel de empreiteiras em obras de metr\u00f4"},"content":{"rendered":"<p><img loading=\"lazy\" decoding=\"async\" class=\"alignnone size-medium wp-image-7642\" src=\"http:\/\/blogdorogeriogomes.com.br\/wp-content\/uploads\/2017\/12\/images-32-300x176.jpeg\" alt=\"images (32)\" width=\"300\" height=\"176\" srcset=\"https:\/\/blogdorogeriogomes.com.br\/noticias\/wp-content\/uploads\/2017\/12\/images-32-300x176.jpeg 300w, https:\/\/blogdorogeriogomes.com.br\/noticias\/wp-content\/uploads\/2017\/12\/images-32.jpeg 500w\" sizes=\"auto, (max-width: 300px) 100vw, 300px\" \/><\/p>\n<p><span style=\"font-weight: 400;\">O Metr\u00f4 de Fortaleza pode estar no meio de um imbr\u00f3glio que envolve a den\u00fancia de cartel de empreiteiras na constru\u00e7\u00e3o de v\u00e1rios metr\u00f4s pelo Pa\u00eds. O Conselho Administrativo de Defesa Econ\u00f4mica instaurou processo para apurar um suposto cartel formado por empreiteiras que teria durado 16 anos e envolveria licita\u00e7\u00f5es de projetos de metr\u00f4 em S\u00e3o Paulo, Rio de Janeiro, Bahia, Cear\u00e1, Minas Gerais, Paran\u00e1, Rio Grande do Sul e no Distrito Federal.<\/span><span style=\"font-weight: 400;\"><br \/>\n<\/span><span style=\"font-weight: 400;\">Desdobramento da Opera\u00e7\u00e3o Lava Jato, a investiga\u00e7\u00e3o utiliza informa\u00e7\u00f5es obtidas por meio de um acordo de dela\u00e7\u00e3o premiada envolvendo a empreiteira Camargo Corr\u00eaa.<\/span><span style=\"font-weight: 400;\"><br \/>\n<\/span><span style=\"font-weight: 400;\">Cerca de 21 licita\u00e7\u00f5es foram afetadas pelo esquema, que teve in\u00edcio em 1998 e teria durado at\u00e9 2014. Al\u00e9m da Camargo Corr\u00eaa, outras oito empresas estariam envolvidas: Andrade Gutierrez, Odebrecht, OAS, Queiroz Galv\u00e3o, Carioca, Marquise, Serveng e Constran.<\/span><span style=\"font-weight: 400;\"><br \/>\n<\/span><\/p>\n","protected":false},"excerpt":{"rendered":"<p>O Metr\u00f4 de Fortaleza pode estar no meio de um imbr\u00f3glio que envolve a den\u00fancia de cartel de empreiteiras na constru\u00e7\u00e3o de v\u00e1rios metr\u00f4s pelo Pa\u00eds. O Conselho Administrativo de Defesa Econ\u00f4mica instaurou processo para apurar um suposto cartel formado por empreiteiras que teria durado 16 anos e envolveria licita\u00e7\u00f5es de projetos de metr\u00f4 em S\u00e3o Paulo, Rio de Janeiro, Bahia, Cear\u00e1, Minas Gerais, Paran\u00e1, Rio Grande do Sul e no Distrito Federal. Desdobramento da Opera\u00e7\u00e3o Lava Jato, a&hellip;<\/p>\n","protected":false},"author":1,"featured_media":0,"comment_status":"open","ping_status":"open","sticky":false,"template":"","format":"standard","meta":{"footnotes":""},"categories":[1],"tags":[],"class_list":["post-7641","post","type-post","status-publish","format-standard","hentry","category-noticias"],"_links":{"self":[{"href":"https:\/\/blogdorogeriogomes.com.br\/noticias\/wp-json\/wp\/v2\/posts\/7641","targetHints":{"allow":["GET"]}}],"collection":[{"href":"https:\/\/blogdorogeriogomes.com.br\/noticias\/wp-json\/wp\/v2\/posts"}],"about":[{"href":"https:\/\/blogdorogeriogomes.com.br\/noticias\/wp-json\/wp\/v2\/types\/post"}],"author":[{"embeddable":true,"href":"https:\/\/blogdorogeriogomes.com.br\/noticias\/wp-json\/wp\/v2\/users\/1"}],"replies":[{"embeddable":true,"href":"https:\/\/blogdorogeriogomes.com.br\/noticias\/wp-json\/wp\/v2\/comments?post=7641"}],"version-history":[{"count":1,"href":"https:\/\/blogdorogeriogomes.com.br\/noticias\/wp-json\/wp\/v2\/posts\/7641\/revisions"}],"predecessor-version":[{"id":7643,"href":"https:\/\/blogdorogeriogomes.com.br\/noticias\/wp-json\/wp\/v2\/posts\/7641\/revisions\/7643"}],"wp:attachment":[{"href":"https:\/\/blogdorogeriogomes.com.br\/noticias\/wp-json\/wp\/v2\/media?parent=7641"}],"wp:term":[{"taxonomy":"category","embeddable":true,"href":"https:\/\/blogdorogeriogomes.com.br\/noticias\/wp-json\/wp\/v2\/categories?post=7641"},{"taxonomy":"post_tag","embeddable":true,"href":"https:\/\/blogdorogeriogomes.com.br\/noticias\/wp-json\/wp\/v2\/tags?post=7641"}],"curies":[{"name":"wp","href":"https:\/\/api.w.org\/{rel}","templated":true}]}}