{"id":7647,"date":"2017-12-19T09:22:25","date_gmt":"2017-12-19T09:22:25","guid":{"rendered":"http:\/\/blogdorogeriogomes.com.br\/?p=7647"},"modified":"2017-12-19T09:22:25","modified_gmt":"2017-12-19T09:22:25","slug":"marcelo-odebrecht-deixa-a-cadeia-quem-vai-realmente-ficar-preso","status":"publish","type":"post","link":"https:\/\/blogdorogeriogomes.com.br\/noticias\/2017\/12\/marcelo-odebrecht-deixa-a-cadeia-quem-vai-realmente-ficar-preso\/","title":{"rendered":"Marcelo Odebrecht deixa a cadeia. Quem vai realmente ficar preso?"},"content":{"rendered":"<p><img loading=\"lazy\" decoding=\"async\" class=\"alignnone size-medium wp-image-7648\" src=\"http:\/\/blogdorogeriogomes.com.br\/wp-content\/uploads\/2017\/12\/images-34-300x193.jpeg\" alt=\"images (34)\" width=\"300\" height=\"193\" srcset=\"https:\/\/blogdorogeriogomes.com.br\/noticias\/wp-content\/uploads\/2017\/12\/images-34-300x193.jpeg 300w, https:\/\/blogdorogeriogomes.com.br\/noticias\/wp-content\/uploads\/2017\/12\/images-34.jpeg 478w\" sizes=\"auto, (max-width: 300px) 100vw, 300px\" \/><\/p>\n<p><span style=\"font-weight: 400;\">A Opera\u00e7\u00e3o Lava Jato assiste a um festival de relaxamento de pris\u00f5es patrocinado por acordos com a Procuradoria Geral da Rep\u00fablica ou pelo pr\u00f3prio Supremo Tribunal Federal. Delatores est\u00e3o nas ruas e quem foi acusado e seja \u201cficha grande\u201d continua respondendo em liberdade. Quem vai realmente ficar preso?<\/span><span style=\"font-weight: 400;\"><br \/>\n<\/span><span style=\"font-weight: 400;\">Ap\u00f3s dois anos e meio na cadeia, Marcelo Odebrecht, ex-presidente do Grupo Odebrecht, deixa a carceragem da Pol\u00edcia Federal, em Curitiba. O herdeiro de uma das maiores empresas do pa\u00eds foi preso em 19 de junho de 2015, quando foi deflagrada a 14\u00aa fase da Opera\u00e7\u00e3o Lava Jato, batizada de Erga Omnes.<\/span><span style=\"font-weight: 400;\"><br \/>\n<\/span><span style=\"font-weight: 400;\">Condenado a 31 anos e 6 meses de pris\u00e3o em dois processos, pelos crimes de corrup\u00e7\u00e3o ativa, lavagem de dinheiro e associa\u00e7\u00e3o criminosa, Marcelo vai deixar a pris\u00e3o gra\u00e7as a um acordo de colabora\u00e7\u00e3o premiada firmado com a Procuradoria-Geral da Rep\u00fablica (PGR) e do qual participaram outras 76 pessoas ligadas \u00e0 Odebrecht.<\/span><span style=\"font-weight: 400;\"><br \/>\n<\/span><\/p>\n","protected":false},"excerpt":{"rendered":"<p>A Opera\u00e7\u00e3o Lava Jato assiste a um festival de relaxamento de pris\u00f5es patrocinado por acordos com a Procuradoria Geral da Rep\u00fablica ou pelo pr\u00f3prio Supremo Tribunal Federal. Delatores est\u00e3o nas ruas e quem foi acusado e seja \u201cficha grande\u201d continua respondendo em liberdade. Quem vai realmente ficar preso? Ap\u00f3s dois anos e meio na cadeia, Marcelo Odebrecht, ex-presidente do Grupo Odebrecht, deixa a carceragem da Pol\u00edcia Federal, em Curitiba. O herdeiro de uma das maiores empresas do pa\u00eds foi&hellip;<\/p>\n","protected":false},"author":1,"featured_media":0,"comment_status":"open","ping_status":"open","sticky":false,"template":"","format":"standard","meta":{"footnotes":""},"categories":[1],"tags":[],"class_list":["post-7647","post","type-post","status-publish","format-standard","hentry","category-noticias"],"_links":{"self":[{"href":"https:\/\/blogdorogeriogomes.com.br\/noticias\/wp-json\/wp\/v2\/posts\/7647","targetHints":{"allow":["GET"]}}],"collection":[{"href":"https:\/\/blogdorogeriogomes.com.br\/noticias\/wp-json\/wp\/v2\/posts"}],"about":[{"href":"https:\/\/blogdorogeriogomes.com.br\/noticias\/wp-json\/wp\/v2\/types\/post"}],"author":[{"embeddable":true,"href":"https:\/\/blogdorogeriogomes.com.br\/noticias\/wp-json\/wp\/v2\/users\/1"}],"replies":[{"embeddable":true,"href":"https:\/\/blogdorogeriogomes.com.br\/noticias\/wp-json\/wp\/v2\/comments?post=7647"}],"version-history":[{"count":1,"href":"https:\/\/blogdorogeriogomes.com.br\/noticias\/wp-json\/wp\/v2\/posts\/7647\/revisions"}],"predecessor-version":[{"id":7649,"href":"https:\/\/blogdorogeriogomes.com.br\/noticias\/wp-json\/wp\/v2\/posts\/7647\/revisions\/7649"}],"wp:attachment":[{"href":"https:\/\/blogdorogeriogomes.com.br\/noticias\/wp-json\/wp\/v2\/media?parent=7647"}],"wp:term":[{"taxonomy":"category","embeddable":true,"href":"https:\/\/blogdorogeriogomes.com.br\/noticias\/wp-json\/wp\/v2\/categories?post=7647"},{"taxonomy":"post_tag","embeddable":true,"href":"https:\/\/blogdorogeriogomes.com.br\/noticias\/wp-json\/wp\/v2\/tags?post=7647"}],"curies":[{"name":"wp","href":"https:\/\/api.w.org\/{rel}","templated":true}]}}