{"id":7650,"date":"2017-12-19T11:00:56","date_gmt":"2017-12-19T11:00:56","guid":{"rendered":"http:\/\/blogdorogeriogomes.com.br\/?p=7650"},"modified":"2017-12-19T11:00:56","modified_gmt":"2017-12-19T11:00:56","slug":"servidores-estaduais-esperam-anuncio-de-reajuste-salarial-para-2018","status":"publish","type":"post","link":"https:\/\/blogdorogeriogomes.com.br\/noticias\/2017\/12\/servidores-estaduais-esperam-anuncio-de-reajuste-salarial-para-2018\/","title":{"rendered":"Servidores estaduais esperam an\u00fancio de reajuste salarial para 2018"},"content":{"rendered":"<p><img loading=\"lazy\" decoding=\"async\" class=\"alignnone size-medium wp-image-7651\" src=\"http:\/\/blogdorogeriogomes.com.br\/wp-content\/uploads\/2017\/12\/images-35-300x172.jpeg\" alt=\"images (35)\" width=\"300\" height=\"172\" srcset=\"https:\/\/blogdorogeriogomes.com.br\/noticias\/wp-content\/uploads\/2017\/12\/images-35-300x172.jpeg 300w, https:\/\/blogdorogeriogomes.com.br\/noticias\/wp-content\/uploads\/2017\/12\/images-35.jpeg 506w\" sizes=\"auto, (max-width: 300px) 100vw, 300px\" \/><\/p>\n<p><span style=\"font-weight: 400;\">Servidores p\u00fablicos do Cear\u00e1 cobram do Governo o an\u00fancio do reajuste salarial para 2018. A categoria reivindica perdas de 20,22% em rela\u00e7\u00e3o a infla\u00e7\u00e3o, referentes ao per\u00edodo de 2015 at\u00e9 agora. A expectativa \u00e9 que o governador Camilo Santana anuncie o reajuste para o servidor p\u00fablico estadual at\u00e9 a pr\u00f3xima semana. O Executivo garante a corre\u00e7\u00e3o, mas n\u00e3o adianta o \u00edndice.<\/span><span style=\"font-weight: 400;\"><br \/>\n<\/span><span style=\"font-weight: 400;\">O F\u00f3rum Unificado das Associa\u00e7\u00f5es e Sindicato dos Servidores P\u00fablicos Estaduais cobra ainda a reestrutura\u00e7\u00e3o do Instituto de Sa\u00fade dos Servidores do Estado do Cear\u00e1 (Issec).<\/span><\/p>\n","protected":false},"excerpt":{"rendered":"<p>Servidores p\u00fablicos do Cear\u00e1 cobram do Governo o an\u00fancio do reajuste salarial para 2018. A categoria reivindica perdas de 20,22% em rela\u00e7\u00e3o a infla\u00e7\u00e3o, referentes ao per\u00edodo de 2015 at\u00e9 agora. A expectativa \u00e9 que o governador Camilo Santana anuncie o reajuste para o servidor p\u00fablico estadual at\u00e9 a pr\u00f3xima semana. O Executivo garante a corre\u00e7\u00e3o, mas n\u00e3o adianta o \u00edndice. O F\u00f3rum Unificado das Associa\u00e7\u00f5es e Sindicato dos Servidores P\u00fablicos Estaduais cobra ainda a reestrutura\u00e7\u00e3o do Instituto de&hellip;<\/p>\n","protected":false},"author":1,"featured_media":0,"comment_status":"open","ping_status":"open","sticky":false,"template":"","format":"standard","meta":{"footnotes":""},"categories":[1],"tags":[],"class_list":["post-7650","post","type-post","status-publish","format-standard","hentry","category-noticias"],"_links":{"self":[{"href":"https:\/\/blogdorogeriogomes.com.br\/noticias\/wp-json\/wp\/v2\/posts\/7650","targetHints":{"allow":["GET"]}}],"collection":[{"href":"https:\/\/blogdorogeriogomes.com.br\/noticias\/wp-json\/wp\/v2\/posts"}],"about":[{"href":"https:\/\/blogdorogeriogomes.com.br\/noticias\/wp-json\/wp\/v2\/types\/post"}],"author":[{"embeddable":true,"href":"https:\/\/blogdorogeriogomes.com.br\/noticias\/wp-json\/wp\/v2\/users\/1"}],"replies":[{"embeddable":true,"href":"https:\/\/blogdorogeriogomes.com.br\/noticias\/wp-json\/wp\/v2\/comments?post=7650"}],"version-history":[{"count":1,"href":"https:\/\/blogdorogeriogomes.com.br\/noticias\/wp-json\/wp\/v2\/posts\/7650\/revisions"}],"predecessor-version":[{"id":7652,"href":"https:\/\/blogdorogeriogomes.com.br\/noticias\/wp-json\/wp\/v2\/posts\/7650\/revisions\/7652"}],"wp:attachment":[{"href":"https:\/\/blogdorogeriogomes.com.br\/noticias\/wp-json\/wp\/v2\/media?parent=7650"}],"wp:term":[{"taxonomy":"category","embeddable":true,"href":"https:\/\/blogdorogeriogomes.com.br\/noticias\/wp-json\/wp\/v2\/categories?post=7650"},{"taxonomy":"post_tag","embeddable":true,"href":"https:\/\/blogdorogeriogomes.com.br\/noticias\/wp-json\/wp\/v2\/tags?post=7650"}],"curies":[{"name":"wp","href":"https:\/\/api.w.org\/{rel}","templated":true}]}}