{"id":7656,"date":"2017-12-19T20:29:12","date_gmt":"2017-12-19T20:29:12","guid":{"rendered":"http:\/\/blogdorogeriogomes.com.br\/?p=7656"},"modified":"2017-12-19T20:29:12","modified_gmt":"2017-12-19T20:29:12","slug":"camara-municipal-de-fortaleza-promove-curso-de-capacitacao-de-servidores-sobre-licitacao","status":"publish","type":"post","link":"https:\/\/blogdorogeriogomes.com.br\/noticias\/2017\/12\/camara-municipal-de-fortaleza-promove-curso-de-capacitacao-de-servidores-sobre-licitacao\/","title":{"rendered":"C\u00e2mara Municipal de Fortaleza promove curso de capacita\u00e7\u00e3o de servidores sobre licita\u00e7\u00e3o"},"content":{"rendered":"<p><img loading=\"lazy\" decoding=\"async\" class=\"alignnone size-medium wp-image-6595\" src=\"http:\/\/blogdorogeriogomes.com.br\/wp-content\/uploads\/2017\/09\/images-9-300x199.jpg\" alt=\"images (9)\" width=\"300\" height=\"199\" srcset=\"https:\/\/blogdorogeriogomes.com.br\/noticias\/wp-content\/uploads\/2017\/09\/images-9-300x199.jpg 300w, https:\/\/blogdorogeriogomes.com.br\/noticias\/wp-content\/uploads\/2017\/09\/images-9.jpg 471w\" sizes=\"auto, (max-width: 300px) 100vw, 300px\" \/><\/p>\n<p><span style=\"font-weight: 400;\">A C\u00e2mara Municipal de Fortaleza promoveu um curso de capacita\u00e7\u00e3o para servidores que orienta sobre a realiza\u00e7\u00e3o de processos licitat\u00f3rios no setor p\u00fablico.<\/span><\/p>\n<p><span style=\"font-weight: 400;\">Para realizar a capacita\u00e7\u00e3o foi convidado o professor em Direito P\u00fablico, Jorge Ulisses Jacoby Fernandes, considerado um dos maiores especialistas do Pa\u00eds em licita\u00e7\u00e3o p\u00fablica. O conte\u00fado do curso destinado a servidores p\u00fablicos das esferas municipal, estadual e federal abordou desde no\u00e7\u00f5es gerais da contrata\u00e7\u00e3o p\u00fablica at\u00e9 a constru\u00e7\u00e3o de um Termo de Refer\u00eancia, que \u00e9 o documento que d\u00e1 base aos processos licitat\u00f3rios.<\/span><\/p>\n<p><span style=\"font-weight: 400;\">\u201cO programa de capacita\u00e7\u00e3o de servidores da C\u00e2mara Municipal de Fortaleza realizou quatro cursos este ano. As atividades visam a qualifica\u00e7\u00e3o e atualiza\u00e7\u00e3o dos t\u00e9cnicos que atuam no setor p\u00fablico\u201d, disse Salmito Filho, presidente da CMF.<\/span><\/p>\n<p><span style=\"font-weight: 400;\">A capacita\u00e7\u00e3o de servidores p\u00fablicos na \u00e1rea de licita\u00e7\u00f5es \u00e9 tamb\u00e9m uma forma de combate ao desvio de recursos e \u00e0s chamadas atecnias, quando o gestor p\u00fablico comete crime administrativo por erros t\u00e9cnicos em rela\u00e7\u00e3o ao que diz a legisla\u00e7\u00e3o.<\/span><\/p>\n","protected":false},"excerpt":{"rendered":"<p>A C\u00e2mara Municipal de Fortaleza promoveu um curso de capacita\u00e7\u00e3o para servidores que orienta sobre a realiza\u00e7\u00e3o de processos licitat\u00f3rios no setor p\u00fablico. Para realizar a capacita\u00e7\u00e3o foi convidado o professor em Direito P\u00fablico, Jorge Ulisses Jacoby Fernandes, considerado um dos maiores especialistas do Pa\u00eds em licita\u00e7\u00e3o p\u00fablica. O conte\u00fado do curso destinado a servidores p\u00fablicos das esferas municipal, estadual e federal abordou desde no\u00e7\u00f5es gerais da contrata\u00e7\u00e3o p\u00fablica at\u00e9 a constru\u00e7\u00e3o de um Termo de Refer\u00eancia, que \u00e9&hellip;<\/p>\n","protected":false},"author":1,"featured_media":0,"comment_status":"open","ping_status":"open","sticky":false,"template":"","format":"standard","meta":{"footnotes":""},"categories":[1],"tags":[],"class_list":["post-7656","post","type-post","status-publish","format-standard","hentry","category-noticias"],"_links":{"self":[{"href":"https:\/\/blogdorogeriogomes.com.br\/noticias\/wp-json\/wp\/v2\/posts\/7656","targetHints":{"allow":["GET"]}}],"collection":[{"href":"https:\/\/blogdorogeriogomes.com.br\/noticias\/wp-json\/wp\/v2\/posts"}],"about":[{"href":"https:\/\/blogdorogeriogomes.com.br\/noticias\/wp-json\/wp\/v2\/types\/post"}],"author":[{"embeddable":true,"href":"https:\/\/blogdorogeriogomes.com.br\/noticias\/wp-json\/wp\/v2\/users\/1"}],"replies":[{"embeddable":true,"href":"https:\/\/blogdorogeriogomes.com.br\/noticias\/wp-json\/wp\/v2\/comments?post=7656"}],"version-history":[{"count":1,"href":"https:\/\/blogdorogeriogomes.com.br\/noticias\/wp-json\/wp\/v2\/posts\/7656\/revisions"}],"predecessor-version":[{"id":7657,"href":"https:\/\/blogdorogeriogomes.com.br\/noticias\/wp-json\/wp\/v2\/posts\/7656\/revisions\/7657"}],"wp:attachment":[{"href":"https:\/\/blogdorogeriogomes.com.br\/noticias\/wp-json\/wp\/v2\/media?parent=7656"}],"wp:term":[{"taxonomy":"category","embeddable":true,"href":"https:\/\/blogdorogeriogomes.com.br\/noticias\/wp-json\/wp\/v2\/categories?post=7656"},{"taxonomy":"post_tag","embeddable":true,"href":"https:\/\/blogdorogeriogomes.com.br\/noticias\/wp-json\/wp\/v2\/tags?post=7656"}],"curies":[{"name":"wp","href":"https:\/\/api.w.org\/{rel}","templated":true}]}}