{"id":7658,"date":"2017-12-20T08:49:09","date_gmt":"2017-12-20T08:49:09","guid":{"rendered":"http:\/\/blogdorogeriogomes.com.br\/?p=7658"},"modified":"2017-12-20T08:49:09","modified_gmt":"2017-12-20T08:49:09","slug":"quais-os-efeitos-do-fim-da-conducao-coercitiva-determinada-por-gilmar-mendes","status":"publish","type":"post","link":"https:\/\/blogdorogeriogomes.com.br\/noticias\/2017\/12\/quais-os-efeitos-do-fim-da-conducao-coercitiva-determinada-por-gilmar-mendes\/","title":{"rendered":"Quais os efeitos do fim da condu\u00e7\u00e3o coercitiva determinada por Gilmar Mendes?"},"content":{"rendered":"<p><img loading=\"lazy\" decoding=\"async\" class=\"alignnone size-medium wp-image-7659\" src=\"http:\/\/blogdorogeriogomes.com.br\/wp-content\/uploads\/2017\/12\/images-36-300x200.jpeg\" alt=\"images (36)\" width=\"300\" height=\"200\" srcset=\"https:\/\/blogdorogeriogomes.com.br\/noticias\/wp-content\/uploads\/2017\/12\/images-36-300x200.jpeg 300w, https:\/\/blogdorogeriogomes.com.br\/noticias\/wp-content\/uploads\/2017\/12\/images-36.jpeg 470w\" sizes=\"auto, (max-width: 300px) 100vw, 300px\" \/><\/p>\n<p><span style=\"font-weight: 400;\">Especialistas na \u00e1rea jur\u00eddica j\u00e1 pregaram aviso: a proibi\u00e7\u00e3o da condu\u00e7\u00e3o coercitiva de investigados para interrogat\u00f3rios, determinada pelo ministro de STF, Gilmar Mendes, pode fazer com que ju\u00edzes ordenem pris\u00f5es tempor\u00e1rias para garantir opera\u00e7\u00f5es de busca e apreens\u00e3o.<\/span><\/p>\n<p><span style=\"font-weight: 400;\">Gilmar Mendes decidiu proibir a realiza\u00e7\u00e3o de condu\u00e7\u00e3o coercitiva de investigados para interrogat\u00f3rios em todo o Pa\u00eds por considerar o procedimento inconstitucional. A decis\u00e3o tem car\u00e1ter liminar e ainda ser\u00e1 analisada pelo colegiado da Corte, o que n\u00e3o tem data para acontecer. O STF entrou em recesso e s\u00f3 retorna em fevereiro.<\/span><\/p>\n","protected":false},"excerpt":{"rendered":"<p>Especialistas na \u00e1rea jur\u00eddica j\u00e1 pregaram aviso: a proibi\u00e7\u00e3o da condu\u00e7\u00e3o coercitiva de investigados para interrogat\u00f3rios, determinada pelo ministro de STF, Gilmar Mendes, pode fazer com que ju\u00edzes ordenem pris\u00f5es tempor\u00e1rias para garantir opera\u00e7\u00f5es de busca e apreens\u00e3o. Gilmar Mendes decidiu proibir a realiza\u00e7\u00e3o de condu\u00e7\u00e3o coercitiva de investigados para interrogat\u00f3rios em todo o Pa\u00eds por considerar o procedimento inconstitucional. A decis\u00e3o tem car\u00e1ter liminar e ainda ser\u00e1 analisada pelo colegiado da Corte, o que n\u00e3o tem data para&hellip;<\/p>\n","protected":false},"author":1,"featured_media":0,"comment_status":"open","ping_status":"open","sticky":false,"template":"","format":"standard","meta":{"footnotes":""},"categories":[1],"tags":[],"class_list":["post-7658","post","type-post","status-publish","format-standard","hentry","category-noticias"],"_links":{"self":[{"href":"https:\/\/blogdorogeriogomes.com.br\/noticias\/wp-json\/wp\/v2\/posts\/7658","targetHints":{"allow":["GET"]}}],"collection":[{"href":"https:\/\/blogdorogeriogomes.com.br\/noticias\/wp-json\/wp\/v2\/posts"}],"about":[{"href":"https:\/\/blogdorogeriogomes.com.br\/noticias\/wp-json\/wp\/v2\/types\/post"}],"author":[{"embeddable":true,"href":"https:\/\/blogdorogeriogomes.com.br\/noticias\/wp-json\/wp\/v2\/users\/1"}],"replies":[{"embeddable":true,"href":"https:\/\/blogdorogeriogomes.com.br\/noticias\/wp-json\/wp\/v2\/comments?post=7658"}],"version-history":[{"count":1,"href":"https:\/\/blogdorogeriogomes.com.br\/noticias\/wp-json\/wp\/v2\/posts\/7658\/revisions"}],"predecessor-version":[{"id":7660,"href":"https:\/\/blogdorogeriogomes.com.br\/noticias\/wp-json\/wp\/v2\/posts\/7658\/revisions\/7660"}],"wp:attachment":[{"href":"https:\/\/blogdorogeriogomes.com.br\/noticias\/wp-json\/wp\/v2\/media?parent=7658"}],"wp:term":[{"taxonomy":"category","embeddable":true,"href":"https:\/\/blogdorogeriogomes.com.br\/noticias\/wp-json\/wp\/v2\/categories?post=7658"},{"taxonomy":"post_tag","embeddable":true,"href":"https:\/\/blogdorogeriogomes.com.br\/noticias\/wp-json\/wp\/v2\/tags?post=7658"}],"curies":[{"name":"wp","href":"https:\/\/api.w.org\/{rel}","templated":true}]}}