{"id":7661,"date":"2017-12-20T21:35:55","date_gmt":"2017-12-20T21:35:55","guid":{"rendered":"http:\/\/blogdorogeriogomes.com.br\/?p=7661"},"modified":"2017-12-20T21:35:55","modified_gmt":"2017-12-20T21:35:55","slug":"paulo-maluf-esta-preso-quem-um-dia-acreditaria-nisso","status":"publish","type":"post","link":"https:\/\/blogdorogeriogomes.com.br\/noticias\/2017\/12\/paulo-maluf-esta-preso-quem-um-dia-acreditaria-nisso\/","title":{"rendered":"Paulo Maluf est\u00e1 preso. Quem um dia acreditaria nisso?"},"content":{"rendered":"<p><img loading=\"lazy\" decoding=\"async\" class=\"alignnone size-medium wp-image-7662\" src=\"http:\/\/blogdorogeriogomes.com.br\/wp-content\/uploads\/2017\/12\/images-37-300x146.jpeg\" alt=\"images (37)\" width=\"300\" height=\"146\" srcset=\"https:\/\/blogdorogeriogomes.com.br\/noticias\/wp-content\/uploads\/2017\/12\/images-37-300x146.jpeg 300w, https:\/\/blogdorogeriogomes.com.br\/noticias\/wp-content\/uploads\/2017\/12\/images-37.jpeg 549w\" sizes=\"auto, (max-width: 300px) 100vw, 300px\" \/><\/p>\n<p><span style=\"font-weight: 400;\">O deputado federal Paulo Maluf (PP) est\u00e1 atr\u00e1s das grades. N\u00e3o se sabe por quanto tempo, mas est\u00e1 preso. Maluf conseguiu driblar a Justi\u00e7a, sob in\u00fameras acusa\u00e7\u00f5es de corrup\u00e7\u00e3o, usando mil artimanhas jur\u00eddicas. Desta vez, o ministro Edson Fachin, do Supremo Tribunal Federal (STF), determinou o cumprimento imediato da pena de 7 anos, 9 meses e 10 dias de pris\u00e3o, imposta pela Justi\u00e7a por desvios praticados por Maluf na Prefeitura de S\u00e3o Paulo.<\/span><\/p>\n<p><span style=\"font-weight: 400;\">Paulo Maluf cumpra a pena em um pres\u00eddio do Complexo da Papuda, em Bras\u00edlia. A defesa de Maluf entrou com uma peti\u00e7\u00e3o para que ele cumpra pena em pris\u00e3o domiciliar em S\u00e3o Paulo. Maluf tem 86 anos.<\/span><span style=\"font-weight: 400;\"><br \/>\n<\/span><span style=\"font-weight: 400;\">A defesa dele entrou com pedido junto ao STF para que a decis\u00e3o de Fachin seja suspensa.<\/span><span style=\"font-weight: 400;\"><br \/>\n<\/span><\/p>\n","protected":false},"excerpt":{"rendered":"<p>O deputado federal Paulo Maluf (PP) est\u00e1 atr\u00e1s das grades. N\u00e3o se sabe por quanto tempo, mas est\u00e1 preso. Maluf conseguiu driblar a Justi\u00e7a, sob in\u00fameras acusa\u00e7\u00f5es de corrup\u00e7\u00e3o, usando mil artimanhas jur\u00eddicas. Desta vez, o ministro Edson Fachin, do Supremo Tribunal Federal (STF), determinou o cumprimento imediato da pena de 7 anos, 9 meses e 10 dias de pris\u00e3o, imposta pela Justi\u00e7a por desvios praticados por Maluf na Prefeitura de S\u00e3o Paulo. Paulo Maluf cumpra a pena em&hellip;<\/p>\n","protected":false},"author":1,"featured_media":0,"comment_status":"open","ping_status":"open","sticky":false,"template":"","format":"standard","meta":{"footnotes":""},"categories":[1],"tags":[],"class_list":["post-7661","post","type-post","status-publish","format-standard","hentry","category-noticias"],"_links":{"self":[{"href":"https:\/\/blogdorogeriogomes.com.br\/noticias\/wp-json\/wp\/v2\/posts\/7661","targetHints":{"allow":["GET"]}}],"collection":[{"href":"https:\/\/blogdorogeriogomes.com.br\/noticias\/wp-json\/wp\/v2\/posts"}],"about":[{"href":"https:\/\/blogdorogeriogomes.com.br\/noticias\/wp-json\/wp\/v2\/types\/post"}],"author":[{"embeddable":true,"href":"https:\/\/blogdorogeriogomes.com.br\/noticias\/wp-json\/wp\/v2\/users\/1"}],"replies":[{"embeddable":true,"href":"https:\/\/blogdorogeriogomes.com.br\/noticias\/wp-json\/wp\/v2\/comments?post=7661"}],"version-history":[{"count":1,"href":"https:\/\/blogdorogeriogomes.com.br\/noticias\/wp-json\/wp\/v2\/posts\/7661\/revisions"}],"predecessor-version":[{"id":7663,"href":"https:\/\/blogdorogeriogomes.com.br\/noticias\/wp-json\/wp\/v2\/posts\/7661\/revisions\/7663"}],"wp:attachment":[{"href":"https:\/\/blogdorogeriogomes.com.br\/noticias\/wp-json\/wp\/v2\/media?parent=7661"}],"wp:term":[{"taxonomy":"category","embeddable":true,"href":"https:\/\/blogdorogeriogomes.com.br\/noticias\/wp-json\/wp\/v2\/categories?post=7661"},{"taxonomy":"post_tag","embeddable":true,"href":"https:\/\/blogdorogeriogomes.com.br\/noticias\/wp-json\/wp\/v2\/tags?post=7661"}],"curies":[{"name":"wp","href":"https:\/\/api.w.org\/{rel}","templated":true}]}}