{"id":7664,"date":"2017-12-20T21:46:10","date_gmt":"2017-12-20T21:46:10","guid":{"rendered":"http:\/\/blogdorogeriogomes.com.br\/?p=7664"},"modified":"2017-12-20T21:46:10","modified_gmt":"2017-12-20T21:46:10","slug":"temer-recebe-74-de-desaprovacao-popular-em-dezembro","status":"publish","type":"post","link":"https:\/\/blogdorogeriogomes.com.br\/noticias\/2017\/12\/temer-recebe-74-de-desaprovacao-popular-em-dezembro\/","title":{"rendered":"Temer recebe 74% de desaprova\u00e7\u00e3o popular em dezembro"},"content":{"rendered":"<p><img loading=\"lazy\" decoding=\"async\" class=\"alignnone size-medium wp-image-7149\" src=\"http:\/\/blogdorogeriogomes.com.br\/wp-content\/uploads\/2017\/10\/images-52-300x200.jpg\" alt=\"images (52)\" width=\"300\" height=\"200\" srcset=\"https:\/\/blogdorogeriogomes.com.br\/noticias\/wp-content\/uploads\/2017\/10\/images-52-300x200.jpg 300w, https:\/\/blogdorogeriogomes.com.br\/noticias\/wp-content\/uploads\/2017\/10\/images-52.jpg 470w\" sizes=\"auto, (max-width: 300px) 100vw, 300px\" \/><\/p>\n<p><span style=\"font-weight: 400;\">Os n\u00fameros de aprova\u00e7\u00e3o do Governo Temer s\u00f3 pioram. Pesquisa CNI\/Ibope realizada entre 7 e 10 de dezembro, com duas mil pessoas em 127 munic\u00edpios, revela que a administra\u00e7\u00e3o do presidente Michel Temer \u00e9 considerada ruim ou p\u00e9ssima por 74% dos entrevistados.<\/span><\/p>\n<p><span style=\"font-weight: 400;\">Apenas 6% da popula\u00e7\u00e3o consideram o governo \u00f3timo ou bom, 19% regular e 2% n\u00e3o sabem ou n\u00e3o responderam. O levantamento foi divulgado Confedera\u00e7\u00e3o Nacional da Ind\u00fastria.<\/span><\/p>\n<p><span style=\"font-weight: 400;\">Impopular, Michel Temer ainda tentou empurrar a vota\u00e7\u00e3o da Reforma da Previd\u00eancia na C\u00e2mara dos Deputados ainda este ano. N\u00e3o teve votos suficientes para aprova\u00e7\u00e3o. Quer buscar angariar votos at\u00e9 novembro. Mas bem distante da aprova\u00e7\u00e3o do povo.<\/span><\/p>\n","protected":false},"excerpt":{"rendered":"<p>Os n\u00fameros de aprova\u00e7\u00e3o do Governo Temer s\u00f3 pioram. Pesquisa CNI\/Ibope realizada entre 7 e 10 de dezembro, com duas mil pessoas em 127 munic\u00edpios, revela que a administra\u00e7\u00e3o do presidente Michel Temer \u00e9 considerada ruim ou p\u00e9ssima por 74% dos entrevistados. Apenas 6% da popula\u00e7\u00e3o consideram o governo \u00f3timo ou bom, 19% regular e 2% n\u00e3o sabem ou n\u00e3o responderam. O levantamento foi divulgado Confedera\u00e7\u00e3o Nacional da Ind\u00fastria. Impopular, Michel Temer ainda tentou empurrar a vota\u00e7\u00e3o da Reforma&hellip;<\/p>\n","protected":false},"author":1,"featured_media":0,"comment_status":"open","ping_status":"open","sticky":false,"template":"","format":"standard","meta":{"footnotes":""},"categories":[1],"tags":[],"class_list":["post-7664","post","type-post","status-publish","format-standard","hentry","category-noticias"],"_links":{"self":[{"href":"https:\/\/blogdorogeriogomes.com.br\/noticias\/wp-json\/wp\/v2\/posts\/7664","targetHints":{"allow":["GET"]}}],"collection":[{"href":"https:\/\/blogdorogeriogomes.com.br\/noticias\/wp-json\/wp\/v2\/posts"}],"about":[{"href":"https:\/\/blogdorogeriogomes.com.br\/noticias\/wp-json\/wp\/v2\/types\/post"}],"author":[{"embeddable":true,"href":"https:\/\/blogdorogeriogomes.com.br\/noticias\/wp-json\/wp\/v2\/users\/1"}],"replies":[{"embeddable":true,"href":"https:\/\/blogdorogeriogomes.com.br\/noticias\/wp-json\/wp\/v2\/comments?post=7664"}],"version-history":[{"count":1,"href":"https:\/\/blogdorogeriogomes.com.br\/noticias\/wp-json\/wp\/v2\/posts\/7664\/revisions"}],"predecessor-version":[{"id":7665,"href":"https:\/\/blogdorogeriogomes.com.br\/noticias\/wp-json\/wp\/v2\/posts\/7664\/revisions\/7665"}],"wp:attachment":[{"href":"https:\/\/blogdorogeriogomes.com.br\/noticias\/wp-json\/wp\/v2\/media?parent=7664"}],"wp:term":[{"taxonomy":"category","embeddable":true,"href":"https:\/\/blogdorogeriogomes.com.br\/noticias\/wp-json\/wp\/v2\/categories?post=7664"},{"taxonomy":"post_tag","embeddable":true,"href":"https:\/\/blogdorogeriogomes.com.br\/noticias\/wp-json\/wp\/v2\/tags?post=7664"}],"curies":[{"name":"wp","href":"https:\/\/api.w.org\/{rel}","templated":true}]}}