{"id":7672,"date":"2017-12-21T22:02:14","date_gmt":"2017-12-21T22:02:14","guid":{"rendered":"http:\/\/blogdorogeriogomes.com.br\/?p=7672"},"modified":"2017-12-21T22:02:14","modified_gmt":"2017-12-21T22:02:14","slug":"ceara-vai-receber-programa-internet-para-todos-de-forma-piloto","status":"publish","type":"post","link":"https:\/\/blogdorogeriogomes.com.br\/noticias\/2017\/12\/ceara-vai-receber-programa-internet-para-todos-de-forma-piloto\/","title":{"rendered":"Cear\u00e1 vai receber Programa Internet para Todos de forma piloto"},"content":{"rendered":"<p><img loading=\"lazy\" decoding=\"async\" class=\"alignnone size-medium wp-image-7673\" src=\"http:\/\/blogdorogeriogomes.com.br\/wp-content\/uploads\/2017\/12\/unnamed-6-300x197.jpg\" alt=\"unnamed (6)\" width=\"300\" height=\"197\" srcset=\"https:\/\/blogdorogeriogomes.com.br\/noticias\/wp-content\/uploads\/2017\/12\/unnamed-6-300x197.jpg 300w, https:\/\/blogdorogeriogomes.com.br\/noticias\/wp-content\/uploads\/2017\/12\/unnamed-6.jpg 474w\" sizes=\"auto, (max-width: 300px) 100vw, 300px\" \/><\/p>\n<p>Quarenta munic\u00edpios do Cear\u00e1 come\u00e7am a experimentar os benef\u00edcios de forma piloto do Programa Federal Internet para Todos. A iniciativa vai levar banda larga a localidades que ainda n\u00e3o contam com acesso a internet.<br \/>\nO programa foi apresentado pelo deputado federal Domingos Neto (PSD) a uma plateia de prefeitos interessados em implantar a iniciativa em seus munic\u00edpios, nesta quinta-feira, dia 21 de dezembro, em Fortaleza. O programa Internet para Todos vai possibilitar que localidades com dificuldade de acesso \u00e0 rede mundial de computadores possam garantir sinal banda larga.<br \/>\nO ministro da Ci\u00eancia, Tecnologia, Inova\u00e7\u00e3o e Comunica\u00e7\u00f5es, Gilberto Kassab, vai fazer o lan\u00e7amento do programa Internet para Todos apenas no in\u00edcio de 2018. Mas \u00a0munic\u00edpios do interior j\u00e1 come\u00e7am a receber os benef\u00edcios da iniciativa de forma piloto.<br \/>\nS\u00e3o quarenta cidades cearenses que ter\u00e3o instaladas uma antena do Governo Federal possibilitando melhorar a conectividade com a internet aos moradores.<\/p>\n<p>&nbsp;<\/p>\n","protected":false},"excerpt":{"rendered":"<p>Quarenta munic\u00edpios do Cear\u00e1 come\u00e7am a experimentar os benef\u00edcios de forma piloto do Programa Federal Internet para Todos. A iniciativa vai levar banda larga a localidades que ainda n\u00e3o contam com acesso a internet. O programa foi apresentado pelo deputado federal Domingos Neto (PSD) a uma plateia de prefeitos interessados em implantar a iniciativa em seus munic\u00edpios, nesta quinta-feira, dia 21 de dezembro, em Fortaleza. O programa Internet para Todos vai possibilitar que localidades com dificuldade de acesso \u00e0&hellip;<\/p>\n","protected":false},"author":1,"featured_media":0,"comment_status":"open","ping_status":"open","sticky":false,"template":"","format":"standard","meta":{"footnotes":""},"categories":[1],"tags":[],"class_list":["post-7672","post","type-post","status-publish","format-standard","hentry","category-noticias"],"_links":{"self":[{"href":"https:\/\/blogdorogeriogomes.com.br\/noticias\/wp-json\/wp\/v2\/posts\/7672","targetHints":{"allow":["GET"]}}],"collection":[{"href":"https:\/\/blogdorogeriogomes.com.br\/noticias\/wp-json\/wp\/v2\/posts"}],"about":[{"href":"https:\/\/blogdorogeriogomes.com.br\/noticias\/wp-json\/wp\/v2\/types\/post"}],"author":[{"embeddable":true,"href":"https:\/\/blogdorogeriogomes.com.br\/noticias\/wp-json\/wp\/v2\/users\/1"}],"replies":[{"embeddable":true,"href":"https:\/\/blogdorogeriogomes.com.br\/noticias\/wp-json\/wp\/v2\/comments?post=7672"}],"version-history":[{"count":1,"href":"https:\/\/blogdorogeriogomes.com.br\/noticias\/wp-json\/wp\/v2\/posts\/7672\/revisions"}],"predecessor-version":[{"id":7674,"href":"https:\/\/blogdorogeriogomes.com.br\/noticias\/wp-json\/wp\/v2\/posts\/7672\/revisions\/7674"}],"wp:attachment":[{"href":"https:\/\/blogdorogeriogomes.com.br\/noticias\/wp-json\/wp\/v2\/media?parent=7672"}],"wp:term":[{"taxonomy":"category","embeddable":true,"href":"https:\/\/blogdorogeriogomes.com.br\/noticias\/wp-json\/wp\/v2\/categories?post=7672"},{"taxonomy":"post_tag","embeddable":true,"href":"https:\/\/blogdorogeriogomes.com.br\/noticias\/wp-json\/wp\/v2\/tags?post=7672"}],"curies":[{"name":"wp","href":"https:\/\/api.w.org\/{rel}","templated":true}]}}