{"id":7684,"date":"2017-12-22T21:15:27","date_gmt":"2017-12-22T21:15:27","guid":{"rendered":"http:\/\/blogdorogeriogomes.com.br\/?p=7684"},"modified":"2017-12-22T21:15:27","modified_gmt":"2017-12-22T21:15:27","slug":"funceme-preve-chuvas-em-todo-o-estado-ate-domingo","status":"publish","type":"post","link":"https:\/\/blogdorogeriogomes.com.br\/noticias\/2017\/12\/funceme-preve-chuvas-em-todo-o-estado-ate-domingo\/","title":{"rendered":"Funceme prev\u00ea chuvas em todo o Estado at\u00e9 domingo"},"content":{"rendered":"<p><img loading=\"lazy\" decoding=\"async\" class=\"alignnone size-medium wp-image-7685\" src=\"http:\/\/blogdorogeriogomes.com.br\/wp-content\/uploads\/2017\/12\/images-43-300x169.jpeg\" alt=\"images (43)\" width=\"300\" height=\"169\" srcset=\"https:\/\/blogdorogeriogomes.com.br\/noticias\/wp-content\/uploads\/2017\/12\/images-43-300x169.jpeg 300w, https:\/\/blogdorogeriogomes.com.br\/noticias\/wp-content\/uploads\/2017\/12\/images-43.jpeg 512w\" sizes=\"auto, (max-width: 300px) 100vw, 300px\" \/><\/p>\n<p>As chuvas da pr\u00e9 esta\u00e7\u00e3o come\u00e7am a animar o cearense. Tem chovido em v\u00e1rias regi\u00f5es do Estado do Cariri ao Litoral. As precipita\u00e7\u00f5es t\u00eam sido, na maioria, de menor porte. Mas \u00e9 uma esperan\u00e7a para localidades que j\u00e1 est\u00e3o em crise no abastecimento. No munic\u00edpio de Parambu caiu at\u00e9 granizo, assustando moradores da \u00e1rea rural.<br \/>\nAt\u00e9 domingo, dia 24 de dezembro, a Funda\u00e7\u00e3o Cearense de Meteorologia e Recursos H\u00eddricos (Funceme) diz ser poss\u00edvel novas chuvas na Capital e no interior do Estado. As precipita\u00e7\u00f5es de dezembro tem rela\u00e7\u00e3o com o V\u00f3rtice Cicl\u00f4nico de Altos N\u00edveis, que deve continuar atuando no fim de semana.<br \/>\nPara a quadra chuvosa nos meses do primeiro semestre de 2018, no entanto, n\u00e3o existe ainda previs\u00e3o definida pela Funceme. A m\u00e9dia pluviom\u00e9trica em dezembro \u00e9 de 31,6 mil\u00edmetros.<\/p>\n<p>&nbsp;<\/p>\n","protected":false},"excerpt":{"rendered":"<p>As chuvas da pr\u00e9 esta\u00e7\u00e3o come\u00e7am a animar o cearense. Tem chovido em v\u00e1rias regi\u00f5es do Estado do Cariri ao Litoral. As precipita\u00e7\u00f5es t\u00eam sido, na maioria, de menor porte. Mas \u00e9 uma esperan\u00e7a para localidades que j\u00e1 est\u00e3o em crise no abastecimento. No munic\u00edpio de Parambu caiu at\u00e9 granizo, assustando moradores da \u00e1rea rural. At\u00e9 domingo, dia 24 de dezembro, a Funda\u00e7\u00e3o Cearense de Meteorologia e Recursos H\u00eddricos (Funceme) diz ser poss\u00edvel novas chuvas na Capital e no&hellip;<\/p>\n","protected":false},"author":1,"featured_media":0,"comment_status":"open","ping_status":"open","sticky":false,"template":"","format":"standard","meta":{"footnotes":""},"categories":[1],"tags":[],"class_list":["post-7684","post","type-post","status-publish","format-standard","hentry","category-noticias"],"_links":{"self":[{"href":"https:\/\/blogdorogeriogomes.com.br\/noticias\/wp-json\/wp\/v2\/posts\/7684","targetHints":{"allow":["GET"]}}],"collection":[{"href":"https:\/\/blogdorogeriogomes.com.br\/noticias\/wp-json\/wp\/v2\/posts"}],"about":[{"href":"https:\/\/blogdorogeriogomes.com.br\/noticias\/wp-json\/wp\/v2\/types\/post"}],"author":[{"embeddable":true,"href":"https:\/\/blogdorogeriogomes.com.br\/noticias\/wp-json\/wp\/v2\/users\/1"}],"replies":[{"embeddable":true,"href":"https:\/\/blogdorogeriogomes.com.br\/noticias\/wp-json\/wp\/v2\/comments?post=7684"}],"version-history":[{"count":1,"href":"https:\/\/blogdorogeriogomes.com.br\/noticias\/wp-json\/wp\/v2\/posts\/7684\/revisions"}],"predecessor-version":[{"id":7686,"href":"https:\/\/blogdorogeriogomes.com.br\/noticias\/wp-json\/wp\/v2\/posts\/7684\/revisions\/7686"}],"wp:attachment":[{"href":"https:\/\/blogdorogeriogomes.com.br\/noticias\/wp-json\/wp\/v2\/media?parent=7684"}],"wp:term":[{"taxonomy":"category","embeddable":true,"href":"https:\/\/blogdorogeriogomes.com.br\/noticias\/wp-json\/wp\/v2\/categories?post=7684"},{"taxonomy":"post_tag","embeddable":true,"href":"https:\/\/blogdorogeriogomes.com.br\/noticias\/wp-json\/wp\/v2\/tags?post=7684"}],"curies":[{"name":"wp","href":"https:\/\/api.w.org\/{rel}","templated":true}]}}