{"id":7690,"date":"2017-12-25T11:31:30","date_gmt":"2017-12-25T11:31:30","guid":{"rendered":"http:\/\/blogdorogeriogomes.com.br\/?p=7690"},"modified":"2017-12-25T11:31:30","modified_gmt":"2017-12-25T11:31:30","slug":"prefeitura-de-fortaleza-promete-ampliar-oferta-de-ensino-integral-em-2018","status":"publish","type":"post","link":"https:\/\/blogdorogeriogomes.com.br\/noticias\/2017\/12\/prefeitura-de-fortaleza-promete-ampliar-oferta-de-ensino-integral-em-2018\/","title":{"rendered":"Prefeitura de Fortaleza promete ampliar oferta de ensino integral em 2018"},"content":{"rendered":"<p><img loading=\"lazy\" decoding=\"async\" class=\"alignnone size-medium wp-image-7691\" src=\"http:\/\/blogdorogeriogomes.com.br\/wp-content\/uploads\/2017\/12\/alunos_0-300x182.jpg\" alt=\"alunos_0\" width=\"300\" height=\"182\" srcset=\"https:\/\/blogdorogeriogomes.com.br\/noticias\/wp-content\/uploads\/2017\/12\/alunos_0-300x182.jpg 300w, https:\/\/blogdorogeriogomes.com.br\/noticias\/wp-content\/uploads\/2017\/12\/alunos_0-768x465.jpg 768w, https:\/\/blogdorogeriogomes.com.br\/noticias\/wp-content\/uploads\/2017\/12\/alunos_0.jpg 830w\" sizes=\"auto, (max-width: 300px) 100vw, 300px\" \/><\/p>\n<p><span style=\"font-weight: 400;\">O ensino integral nas escolas municipais em Fortaleza deve ser ampliado no pr\u00f3ximo ano com a inaugura\u00e7\u00e3o de 10 novas creches em tempo integral e pr\u00e9-escola em dois turnos. A promessa \u00e9 do prefeito Roberto Cl\u00e1udio, que deseja ter, at\u00e9 o fim de 2020, a metade dos alunos atendidos pela rede municipal no ensino em dois per\u00edodos. Hoje, apenas um ter\u00e7o dos estudantes t\u00eam acesso ao ensino integral na Capital da creche ao 9\u00b0 ano do Ensino Fundamental.<\/span><\/p>\n<p><span style=\"font-weight: 400;\">A rede municipal de ensino conta 138 Centros de Educa\u00e7\u00e3o Infantil e 82 creches conveniadas, al\u00e9m de 289 escolas convencionais e 20 de tempo integral. No Ensino Fundamental s\u00e3o mais de 150 mil alunos matriculados.<\/span><\/p>\n","protected":false},"excerpt":{"rendered":"<p>O ensino integral nas escolas municipais em Fortaleza deve ser ampliado no pr\u00f3ximo ano com a inaugura\u00e7\u00e3o de 10 novas creches em tempo integral e pr\u00e9-escola em dois turnos. A promessa \u00e9 do prefeito Roberto Cl\u00e1udio, que deseja ter, at\u00e9 o fim de 2020, a metade dos alunos atendidos pela rede municipal no ensino em dois per\u00edodos. Hoje, apenas um ter\u00e7o dos estudantes t\u00eam acesso ao ensino integral na Capital da creche ao 9\u00b0 ano do Ensino Fundamental. A&hellip;<\/p>\n","protected":false},"author":1,"featured_media":0,"comment_status":"open","ping_status":"open","sticky":false,"template":"","format":"standard","meta":{"footnotes":""},"categories":[1],"tags":[],"class_list":["post-7690","post","type-post","status-publish","format-standard","hentry","category-noticias"],"_links":{"self":[{"href":"https:\/\/blogdorogeriogomes.com.br\/noticias\/wp-json\/wp\/v2\/posts\/7690","targetHints":{"allow":["GET"]}}],"collection":[{"href":"https:\/\/blogdorogeriogomes.com.br\/noticias\/wp-json\/wp\/v2\/posts"}],"about":[{"href":"https:\/\/blogdorogeriogomes.com.br\/noticias\/wp-json\/wp\/v2\/types\/post"}],"author":[{"embeddable":true,"href":"https:\/\/blogdorogeriogomes.com.br\/noticias\/wp-json\/wp\/v2\/users\/1"}],"replies":[{"embeddable":true,"href":"https:\/\/blogdorogeriogomes.com.br\/noticias\/wp-json\/wp\/v2\/comments?post=7690"}],"version-history":[{"count":1,"href":"https:\/\/blogdorogeriogomes.com.br\/noticias\/wp-json\/wp\/v2\/posts\/7690\/revisions"}],"predecessor-version":[{"id":7692,"href":"https:\/\/blogdorogeriogomes.com.br\/noticias\/wp-json\/wp\/v2\/posts\/7690\/revisions\/7692"}],"wp:attachment":[{"href":"https:\/\/blogdorogeriogomes.com.br\/noticias\/wp-json\/wp\/v2\/media?parent=7690"}],"wp:term":[{"taxonomy":"category","embeddable":true,"href":"https:\/\/blogdorogeriogomes.com.br\/noticias\/wp-json\/wp\/v2\/categories?post=7690"},{"taxonomy":"post_tag","embeddable":true,"href":"https:\/\/blogdorogeriogomes.com.br\/noticias\/wp-json\/wp\/v2\/tags?post=7690"}],"curies":[{"name":"wp","href":"https:\/\/api.w.org\/{rel}","templated":true}]}}