{"id":7703,"date":"2017-12-26T22:32:56","date_gmt":"2017-12-26T22:32:56","guid":{"rendered":"http:\/\/blogdorogeriogomes.com.br\/?p=7703"},"modified":"2017-12-26T22:32:56","modified_gmt":"2017-12-26T22:32:56","slug":"prefeitura-de-fortaleza-abre-vagas-temporarias-para-o-setor-de-saude","status":"publish","type":"post","link":"https:\/\/blogdorogeriogomes.com.br\/noticias\/2017\/12\/prefeitura-de-fortaleza-abre-vagas-temporarias-para-o-setor-de-saude\/","title":{"rendered":"Prefeitura de Fortaleza abre vagas tempor\u00e1rias para o setor de sa\u00fade"},"content":{"rendered":"<p><img loading=\"lazy\" decoding=\"async\" class=\"alignnone size-full wp-image-7704\" src=\"http:\/\/blogdorogeriogomes.com.br\/wp-content\/uploads\/2017\/12\/images-46.jpeg\" alt=\"images (46)\" width=\"275\" height=\"183\" \/><\/p>\n<p><span style=\"font-weight: 400;\">Uma oportunidade para quem est\u00e1 em busca de emprego. \u00c9 uma \u00a0boa not\u00edcia para quem necessita de atendimento na rede municipal de sa\u00fade. A Prefeitura de Fortaleza abriu 160 vagas tempor\u00e1rias para a \u00e1rea de aten\u00e7\u00e3o b\u00e1sica de sa\u00fade da fam\u00edlia.<\/span><span style=\"font-weight: 400;\"><br \/>\n<\/span><span style=\"font-weight: 400;\">A Secretaria de Sa\u00fade do Munic\u00edpio est\u00e1 \u00a0autorizada a contratar 16 assistentes sociais,<\/span><span style=\"font-weight: 400;\"><br \/>\n<\/span><span style=\"font-weight: 400;\">30 terapeutas ocupacionais, 20 fisioterapeutas, 22 educadores f\u00edsicos, 30 psic\u00f3logos, 40 nutricionistas e16 farmac\u00eauticos.<\/span><span style=\"font-weight: 400;\"><br \/>\n<\/span><span style=\"font-weight: 400;\">As remunera\u00e7\u00f5es oferecidas variam de R$ 1.400 a R$ 2.800 reais. As contrata\u00e7\u00f5es ser\u00e3o efetivadas por meio de sele\u00e7\u00e3o p\u00fablica simplificada cuja data ainda ser\u00e1 divulgada<\/span><\/p>\n","protected":false},"excerpt":{"rendered":"<p>Uma oportunidade para quem est\u00e1 em busca de emprego. \u00c9 uma \u00a0boa not\u00edcia para quem necessita de atendimento na rede municipal de sa\u00fade. A Prefeitura de Fortaleza abriu 160 vagas tempor\u00e1rias para a \u00e1rea de aten\u00e7\u00e3o b\u00e1sica de sa\u00fade da fam\u00edlia. A Secretaria de Sa\u00fade do Munic\u00edpio est\u00e1 \u00a0autorizada a contratar 16 assistentes sociais, 30 terapeutas ocupacionais, 20 fisioterapeutas, 22 educadores f\u00edsicos, 30 psic\u00f3logos, 40 nutricionistas e16 farmac\u00eauticos. As remunera\u00e7\u00f5es oferecidas variam de R$ 1.400 a R$ 2.800 reais.&hellip;<\/p>\n","protected":false},"author":1,"featured_media":0,"comment_status":"open","ping_status":"open","sticky":false,"template":"","format":"standard","meta":{"footnotes":""},"categories":[1],"tags":[],"class_list":["post-7703","post","type-post","status-publish","format-standard","hentry","category-noticias"],"_links":{"self":[{"href":"https:\/\/blogdorogeriogomes.com.br\/noticias\/wp-json\/wp\/v2\/posts\/7703","targetHints":{"allow":["GET"]}}],"collection":[{"href":"https:\/\/blogdorogeriogomes.com.br\/noticias\/wp-json\/wp\/v2\/posts"}],"about":[{"href":"https:\/\/blogdorogeriogomes.com.br\/noticias\/wp-json\/wp\/v2\/types\/post"}],"author":[{"embeddable":true,"href":"https:\/\/blogdorogeriogomes.com.br\/noticias\/wp-json\/wp\/v2\/users\/1"}],"replies":[{"embeddable":true,"href":"https:\/\/blogdorogeriogomes.com.br\/noticias\/wp-json\/wp\/v2\/comments?post=7703"}],"version-history":[{"count":1,"href":"https:\/\/blogdorogeriogomes.com.br\/noticias\/wp-json\/wp\/v2\/posts\/7703\/revisions"}],"predecessor-version":[{"id":7705,"href":"https:\/\/blogdorogeriogomes.com.br\/noticias\/wp-json\/wp\/v2\/posts\/7703\/revisions\/7705"}],"wp:attachment":[{"href":"https:\/\/blogdorogeriogomes.com.br\/noticias\/wp-json\/wp\/v2\/media?parent=7703"}],"wp:term":[{"taxonomy":"category","embeddable":true,"href":"https:\/\/blogdorogeriogomes.com.br\/noticias\/wp-json\/wp\/v2\/categories?post=7703"},{"taxonomy":"post_tag","embeddable":true,"href":"https:\/\/blogdorogeriogomes.com.br\/noticias\/wp-json\/wp\/v2\/tags?post=7703"}],"curies":[{"name":"wp","href":"https:\/\/api.w.org\/{rel}","templated":true}]}}