{"id":7711,"date":"2017-12-26T23:33:48","date_gmt":"2017-12-26T23:33:48","guid":{"rendered":"http:\/\/blogdorogeriogomes.com.br\/?p=7711"},"modified":"2017-12-26T23:33:48","modified_gmt":"2017-12-26T23:33:48","slug":"temer-discute-com-maia-nova-estrategia-para-votacao-da-reforma-da-previdencia","status":"publish","type":"post","link":"https:\/\/blogdorogeriogomes.com.br\/noticias\/2017\/12\/temer-discute-com-maia-nova-estrategia-para-votacao-da-reforma-da-previdencia\/","title":{"rendered":"Temer discute com Maia nova estrat\u00e9gia para vota\u00e7\u00e3o da reforma da Previd\u00eancia"},"content":{"rendered":"<p><img loading=\"lazy\" decoding=\"async\" class=\"alignnone size-medium wp-image-7504\" src=\"http:\/\/blogdorogeriogomes.com.br\/wp-content\/uploads\/2017\/12\/images-2-300x200.jpeg\" alt=\"images (2)\" width=\"300\" height=\"200\" srcset=\"https:\/\/blogdorogeriogomes.com.br\/noticias\/wp-content\/uploads\/2017\/12\/images-2-300x200.jpeg 300w, https:\/\/blogdorogeriogomes.com.br\/noticias\/wp-content\/uploads\/2017\/12\/images-2.jpeg 470w\" sizes=\"auto, (max-width: 300px) 100vw, 300px\" \/><\/p>\n<p>O presidente Michel Temer se re\u00fane nesta quarta-feira, dia 28 de dezembro, em Bras\u00edlia, com o presidente da C\u00e2mara dos Deputados, Rodrigo Maia, para discutir uma estrat\u00e9gia para a aprova\u00e7\u00e3o da nova Previd\u00eancia em fevereiro. A vota\u00e7\u00e3o da mat\u00e9ria est\u00e1 prevista para 19 de fevereiro.<\/p>\n<p>O Governo admite estar liberando dinheiro da Caixa Econ\u00f4mica Federal como moeda de troca com governadores para que eles pressionem deputados a aprovarem as mudan\u00e7as nas regras de aposentadoria. O ministro da Secretaria de Governo, Carlos Marun, teve a coragem de dizer que a libera\u00e7\u00e3o de recursos de bancos p\u00fablicos em troca de apoio \u00e0 reforma da Previd\u00eancia n\u00e3o \u00e9 &#8220;chantagem&#8221;, mas sim uma &#8220;a\u00e7\u00e3o de governo&#8221;. Quer enganar a quem?<\/p>\n<p>Certo mesmo \u00e9 que, mesmo com a libera\u00e7\u00e3o de cargos e emendas para prefeitos e governadores, a equipe de Temer ainda n\u00e3o chegou nem perto dos 308 votos necess\u00e1rios para aprovar a Reforma da Previd\u00eancia na C\u00e2mara.<\/p>\n","protected":false},"excerpt":{"rendered":"<p>O presidente Michel Temer se re\u00fane nesta quarta-feira, dia 28 de dezembro, em Bras\u00edlia, com o presidente da C\u00e2mara dos Deputados, Rodrigo Maia, para discutir uma estrat\u00e9gia para a aprova\u00e7\u00e3o da nova Previd\u00eancia em fevereiro. A vota\u00e7\u00e3o da mat\u00e9ria est\u00e1 prevista para 19 de fevereiro. O Governo admite estar liberando dinheiro da Caixa Econ\u00f4mica Federal como moeda de troca com governadores para que eles pressionem deputados a aprovarem as mudan\u00e7as nas regras de aposentadoria. O ministro da Secretaria de&hellip;<\/p>\n","protected":false},"author":1,"featured_media":0,"comment_status":"open","ping_status":"open","sticky":false,"template":"","format":"standard","meta":{"footnotes":""},"categories":[1],"tags":[],"class_list":["post-7711","post","type-post","status-publish","format-standard","hentry","category-noticias"],"_links":{"self":[{"href":"https:\/\/blogdorogeriogomes.com.br\/noticias\/wp-json\/wp\/v2\/posts\/7711","targetHints":{"allow":["GET"]}}],"collection":[{"href":"https:\/\/blogdorogeriogomes.com.br\/noticias\/wp-json\/wp\/v2\/posts"}],"about":[{"href":"https:\/\/blogdorogeriogomes.com.br\/noticias\/wp-json\/wp\/v2\/types\/post"}],"author":[{"embeddable":true,"href":"https:\/\/blogdorogeriogomes.com.br\/noticias\/wp-json\/wp\/v2\/users\/1"}],"replies":[{"embeddable":true,"href":"https:\/\/blogdorogeriogomes.com.br\/noticias\/wp-json\/wp\/v2\/comments?post=7711"}],"version-history":[{"count":1,"href":"https:\/\/blogdorogeriogomes.com.br\/noticias\/wp-json\/wp\/v2\/posts\/7711\/revisions"}],"predecessor-version":[{"id":7713,"href":"https:\/\/blogdorogeriogomes.com.br\/noticias\/wp-json\/wp\/v2\/posts\/7711\/revisions\/7713"}],"wp:attachment":[{"href":"https:\/\/blogdorogeriogomes.com.br\/noticias\/wp-json\/wp\/v2\/media?parent=7711"}],"wp:term":[{"taxonomy":"category","embeddable":true,"href":"https:\/\/blogdorogeriogomes.com.br\/noticias\/wp-json\/wp\/v2\/categories?post=7711"},{"taxonomy":"post_tag","embeddable":true,"href":"https:\/\/blogdorogeriogomes.com.br\/noticias\/wp-json\/wp\/v2\/tags?post=7711"}],"curies":[{"name":"wp","href":"https:\/\/api.w.org\/{rel}","templated":true}]}}