{"id":7714,"date":"2017-12-27T09:24:10","date_gmt":"2017-12-27T09:24:10","guid":{"rendered":"http:\/\/blogdorogeriogomes.com.br\/?p=7714"},"modified":"2017-12-27T09:24:10","modified_gmt":"2017-12-27T09:24:10","slug":"camilo-anuncia-pagamento-antecipado-de-salarios-de-servidores","status":"publish","type":"post","link":"https:\/\/blogdorogeriogomes.com.br\/noticias\/2017\/12\/camilo-anuncia-pagamento-antecipado-de-salarios-de-servidores\/","title":{"rendered":"Camilo anuncia pagamento antecipado de sal\u00e1rios de servidores"},"content":{"rendered":"<p><img loading=\"lazy\" decoding=\"async\" class=\"size-medium wp-image-7715\" src=\"http:\/\/blogdorogeriogomes.com.br\/wp-content\/uploads\/2017\/12\/unnamed-11-300x200.jpg\" alt=\"GOVERNADOR CAMILO SANTANA EM SUA TRANSMISSAO NO LIVE DO FACEBOOK\" width=\"300\" height=\"200\" srcset=\"https:\/\/blogdorogeriogomes.com.br\/noticias\/wp-content\/uploads\/2017\/12\/unnamed-11-300x200.jpg 300w, https:\/\/blogdorogeriogomes.com.br\/noticias\/wp-content\/uploads\/2017\/12\/unnamed-11.jpg 470w\" sizes=\"auto, (max-width: 300px) 100vw, 300px\" \/><\/p>\n<p><span style=\"font-weight: 400;\">Na reta final do ano e antes de tirar alguns dias de f\u00e9rias em janeiro, o governador Camilo Santana anunciou que o pagamento do m\u00eas de dezembro dos servidores p\u00fablicos estaduais ser\u00e1 antecipado para a pr\u00f3xima sexta-feira, dia 29 de dezembro. Somados aos pagamentos da segunda parcela do 13\u00ba sal\u00e1rio \u2013 a primeira foi em julho \u00faltimo \u2013 e da folha de novembro, ambos realizados neste \u00faltimo m\u00eas de 2017, a inje\u00e7\u00e3o na economia cearense neste fim de ano gira em torno de R$ 2 bilh\u00f5es.<\/span><\/p>\n<p><span style=\"font-weight: 400;\">Camilo tamb\u00e9m confirma para 2018 que mais 40 escolas de Ensino M\u00e9dio passar\u00e3o a ser em Tempo Integral no Cear\u00e1. O n\u00famero de unidades com esse perfil chega a 111.<\/span><\/p>\n<p><span style=\"font-weight: 400;\">Na ter\u00e7a-feira, dia 26, o governador entregou a nova unidade do BPRaio no munic\u00edpio do Eus\u00e9bio. A Regi\u00e3o Metropolitana de Fortaleza j\u00e1 conta agora com esse refor\u00e7o no policiamento em Maracana\u00fa, Maranguape e Caucaia.<\/span><\/p>\n","protected":false},"excerpt":{"rendered":"<p>Na reta final do ano e antes de tirar alguns dias de f\u00e9rias em janeiro, o governador Camilo Santana anunciou que o pagamento do m\u00eas de dezembro dos servidores p\u00fablicos estaduais ser\u00e1 antecipado para a pr\u00f3xima sexta-feira, dia 29 de dezembro. Somados aos pagamentos da segunda parcela do 13\u00ba sal\u00e1rio \u2013 a primeira foi em julho \u00faltimo \u2013 e da folha de novembro, ambos realizados neste \u00faltimo m\u00eas de 2017, a inje\u00e7\u00e3o na economia cearense neste fim de ano&hellip;<\/p>\n","protected":false},"author":1,"featured_media":0,"comment_status":"open","ping_status":"open","sticky":false,"template":"","format":"standard","meta":{"footnotes":""},"categories":[1],"tags":[],"class_list":["post-7714","post","type-post","status-publish","format-standard","hentry","category-noticias"],"_links":{"self":[{"href":"https:\/\/blogdorogeriogomes.com.br\/noticias\/wp-json\/wp\/v2\/posts\/7714","targetHints":{"allow":["GET"]}}],"collection":[{"href":"https:\/\/blogdorogeriogomes.com.br\/noticias\/wp-json\/wp\/v2\/posts"}],"about":[{"href":"https:\/\/blogdorogeriogomes.com.br\/noticias\/wp-json\/wp\/v2\/types\/post"}],"author":[{"embeddable":true,"href":"https:\/\/blogdorogeriogomes.com.br\/noticias\/wp-json\/wp\/v2\/users\/1"}],"replies":[{"embeddable":true,"href":"https:\/\/blogdorogeriogomes.com.br\/noticias\/wp-json\/wp\/v2\/comments?post=7714"}],"version-history":[{"count":1,"href":"https:\/\/blogdorogeriogomes.com.br\/noticias\/wp-json\/wp\/v2\/posts\/7714\/revisions"}],"predecessor-version":[{"id":7716,"href":"https:\/\/blogdorogeriogomes.com.br\/noticias\/wp-json\/wp\/v2\/posts\/7714\/revisions\/7716"}],"wp:attachment":[{"href":"https:\/\/blogdorogeriogomes.com.br\/noticias\/wp-json\/wp\/v2\/media?parent=7714"}],"wp:term":[{"taxonomy":"category","embeddable":true,"href":"https:\/\/blogdorogeriogomes.com.br\/noticias\/wp-json\/wp\/v2\/categories?post=7714"},{"taxonomy":"post_tag","embeddable":true,"href":"https:\/\/blogdorogeriogomes.com.br\/noticias\/wp-json\/wp\/v2\/tags?post=7714"}],"curies":[{"name":"wp","href":"https:\/\/api.w.org\/{rel}","templated":true}]}}