{"id":7720,"date":"2017-12-27T09:30:23","date_gmt":"2017-12-27T09:30:23","guid":{"rendered":"http:\/\/blogdorogeriogomes.com.br\/?p=7720"},"modified":"2017-12-27T09:30:23","modified_gmt":"2017-12-27T09:30:23","slug":"concurso-para-o-detran-do-ceara-tem-datas-alteradas","status":"publish","type":"post","link":"https:\/\/blogdorogeriogomes.com.br\/noticias\/2017\/12\/concurso-para-o-detran-do-ceara-tem-datas-alteradas\/","title":{"rendered":"Concurso para o Detran do Cear\u00e1 tem datas alteradas"},"content":{"rendered":"<p><img loading=\"lazy\" decoding=\"async\" class=\"alignnone size-medium wp-image-7722\" src=\"http:\/\/blogdorogeriogomes.com.br\/wp-content\/uploads\/2017\/12\/images-47-300x166.jpeg\" alt=\"images (47)\" width=\"300\" height=\"166\" srcset=\"https:\/\/blogdorogeriogomes.com.br\/noticias\/wp-content\/uploads\/2017\/12\/images-47-300x166.jpeg 300w, https:\/\/blogdorogeriogomes.com.br\/noticias\/wp-content\/uploads\/2017\/12\/images-47.jpeg 516w\" sizes=\"auto, (max-width: 300px) 100vw, 300px\" \/><\/p>\n<p><span style=\"font-weight: 400;\">O concurso para o Detran-CE sofreu altera\u00e7\u00f5es. A primeira fase do concurso seria realizada em 28 de janeiro de 2018, mas agora ter\u00e1 tr\u00eas datas devido ao n\u00famero recorde de inscritos. As provas ser\u00e3o aplicadas agora nos dias 25 de fevereiro, 11 de mar\u00e7o e 8 de abril.<\/span><\/p>\n<p><span style=\"font-weight: 400;\">O concurso p\u00fablico do Detran oferece 383 vagas, sendo 250 para agentes de tr\u00e2nsito (n\u00edvel m\u00e9dio); 33 para analista de tr\u00e2nsito e transporte (n\u00edvel superior); 50 para vistoriadores (n\u00edvel m\u00e9dio) e 50 para assistente de atividade de tr\u00e2nsito e transporte (n\u00edvel fundamental).<\/span><span style=\"font-weight: 400;\"><br \/>\n<\/span><\/p>\n","protected":false},"excerpt":{"rendered":"<p>O concurso para o Detran-CE sofreu altera\u00e7\u00f5es. A primeira fase do concurso seria realizada em 28 de janeiro de 2018, mas agora ter\u00e1 tr\u00eas datas devido ao n\u00famero recorde de inscritos. As provas ser\u00e3o aplicadas agora nos dias 25 de fevereiro, 11 de mar\u00e7o e 8 de abril. O concurso p\u00fablico do Detran oferece 383 vagas, sendo 250 para agentes de tr\u00e2nsito (n\u00edvel m\u00e9dio); 33 para analista de tr\u00e2nsito e transporte (n\u00edvel superior); 50 para vistoriadores (n\u00edvel m\u00e9dio) e&hellip;<\/p>\n","protected":false},"author":1,"featured_media":0,"comment_status":"open","ping_status":"open","sticky":false,"template":"","format":"standard","meta":{"footnotes":""},"categories":[1],"tags":[],"class_list":["post-7720","post","type-post","status-publish","format-standard","hentry","category-noticias"],"_links":{"self":[{"href":"https:\/\/blogdorogeriogomes.com.br\/noticias\/wp-json\/wp\/v2\/posts\/7720","targetHints":{"allow":["GET"]}}],"collection":[{"href":"https:\/\/blogdorogeriogomes.com.br\/noticias\/wp-json\/wp\/v2\/posts"}],"about":[{"href":"https:\/\/blogdorogeriogomes.com.br\/noticias\/wp-json\/wp\/v2\/types\/post"}],"author":[{"embeddable":true,"href":"https:\/\/blogdorogeriogomes.com.br\/noticias\/wp-json\/wp\/v2\/users\/1"}],"replies":[{"embeddable":true,"href":"https:\/\/blogdorogeriogomes.com.br\/noticias\/wp-json\/wp\/v2\/comments?post=7720"}],"version-history":[{"count":1,"href":"https:\/\/blogdorogeriogomes.com.br\/noticias\/wp-json\/wp\/v2\/posts\/7720\/revisions"}],"predecessor-version":[{"id":7723,"href":"https:\/\/blogdorogeriogomes.com.br\/noticias\/wp-json\/wp\/v2\/posts\/7720\/revisions\/7723"}],"wp:attachment":[{"href":"https:\/\/blogdorogeriogomes.com.br\/noticias\/wp-json\/wp\/v2\/media?parent=7720"}],"wp:term":[{"taxonomy":"category","embeddable":true,"href":"https:\/\/blogdorogeriogomes.com.br\/noticias\/wp-json\/wp\/v2\/categories?post=7720"},{"taxonomy":"post_tag","embeddable":true,"href":"https:\/\/blogdorogeriogomes.com.br\/noticias\/wp-json\/wp\/v2\/tags?post=7720"}],"curies":[{"name":"wp","href":"https:\/\/api.w.org\/{rel}","templated":true}]}}