{"id":7724,"date":"2017-12-27T22:18:23","date_gmt":"2017-12-27T22:18:23","guid":{"rendered":"http:\/\/blogdorogeriogomes.com.br\/?p=7724"},"modified":"2017-12-27T22:18:23","modified_gmt":"2017-12-27T22:18:23","slug":"governadores-do-nordeste-reagem-contra-declaracoes-de-carlos-marun","status":"publish","type":"post","link":"https:\/\/blogdorogeriogomes.com.br\/noticias\/2017\/12\/governadores-do-nordeste-reagem-contra-declaracoes-de-carlos-marun\/","title":{"rendered":"Governadores do Nordeste reagem contra declara\u00e7\u00f5es de Carlos Marun"},"content":{"rendered":"<p><img loading=\"lazy\" decoding=\"async\" class=\"alignnone size-medium wp-image-7725\" src=\"http:\/\/blogdorogeriogomes.com.br\/wp-content\/uploads\/2017\/12\/images-48-300x148.jpeg\" alt=\"images (48)\" width=\"300\" height=\"148\" srcset=\"https:\/\/blogdorogeriogomes.com.br\/noticias\/wp-content\/uploads\/2017\/12\/images-48-300x148.jpeg 300w, https:\/\/blogdorogeriogomes.com.br\/noticias\/wp-content\/uploads\/2017\/12\/images-48.jpeg 547w\" sizes=\"auto, (max-width: 300px) 100vw, 300px\" \/><\/p>\n<p><span style=\"font-weight: 400;\">As declara\u00e7\u00f5es do ministro da Secretaria de Governo de Temer, Carlos Marun, que admitiu que o governo pressiona gestores estaduais e municipais a trabalharem a favor da aprova\u00e7\u00e3o da Reforma da Previd\u00eancia em troca da libera\u00e7\u00e3o de recursos em financiamentos de bancos p\u00fablicos, geraram rea\u00e7\u00e3o imediata dos nove governadores do Nordeste, entre eles, Camilo Santana, do Cear\u00e1. Eles enviaram uma carta ao presidente Michel Temer amea\u00e7ando processar Carlos Marun.<\/span><\/p>\n<p><span style=\"font-weight: 400;\">No documento, os gestores pedem que Temer &#8220;reoriente&#8221; seus ministros para evitar pr\u00e1ticas classificadas como &#8220;criminosas&#8221;. O cinismo do ministro Carlos Marun serve, pelo menos, pra explicar como funciona a pr\u00e1tica fisiologista do atual Governo. Quando foi pra salvar Temer do impeachment, n\u00e3o faltou o toma l\u00e1, d\u00e1 c\u00e1 no Congresso Nacional. Para aprovar a Reforma da Previd\u00eancia, o processo \u00e9 o mesmo. Mas, por enquanto, Temer vai perdendo essa guerra.<\/span><\/p>\n","protected":false},"excerpt":{"rendered":"<p>As declara\u00e7\u00f5es do ministro da Secretaria de Governo de Temer, Carlos Marun, que admitiu que o governo pressiona gestores estaduais e municipais a trabalharem a favor da aprova\u00e7\u00e3o da Reforma da Previd\u00eancia em troca da libera\u00e7\u00e3o de recursos em financiamentos de bancos p\u00fablicos, geraram rea\u00e7\u00e3o imediata dos nove governadores do Nordeste, entre eles, Camilo Santana, do Cear\u00e1. Eles enviaram uma carta ao presidente Michel Temer amea\u00e7ando processar Carlos Marun. No documento, os gestores pedem que Temer &#8220;reoriente&#8221; seus ministros&hellip;<\/p>\n","protected":false},"author":1,"featured_media":0,"comment_status":"open","ping_status":"open","sticky":false,"template":"","format":"standard","meta":{"footnotes":""},"categories":[1],"tags":[],"class_list":["post-7724","post","type-post","status-publish","format-standard","hentry","category-noticias"],"_links":{"self":[{"href":"https:\/\/blogdorogeriogomes.com.br\/noticias\/wp-json\/wp\/v2\/posts\/7724","targetHints":{"allow":["GET"]}}],"collection":[{"href":"https:\/\/blogdorogeriogomes.com.br\/noticias\/wp-json\/wp\/v2\/posts"}],"about":[{"href":"https:\/\/blogdorogeriogomes.com.br\/noticias\/wp-json\/wp\/v2\/types\/post"}],"author":[{"embeddable":true,"href":"https:\/\/blogdorogeriogomes.com.br\/noticias\/wp-json\/wp\/v2\/users\/1"}],"replies":[{"embeddable":true,"href":"https:\/\/blogdorogeriogomes.com.br\/noticias\/wp-json\/wp\/v2\/comments?post=7724"}],"version-history":[{"count":1,"href":"https:\/\/blogdorogeriogomes.com.br\/noticias\/wp-json\/wp\/v2\/posts\/7724\/revisions"}],"predecessor-version":[{"id":7726,"href":"https:\/\/blogdorogeriogomes.com.br\/noticias\/wp-json\/wp\/v2\/posts\/7724\/revisions\/7726"}],"wp:attachment":[{"href":"https:\/\/blogdorogeriogomes.com.br\/noticias\/wp-json\/wp\/v2\/media?parent=7724"}],"wp:term":[{"taxonomy":"category","embeddable":true,"href":"https:\/\/blogdorogeriogomes.com.br\/noticias\/wp-json\/wp\/v2\/categories?post=7724"},{"taxonomy":"post_tag","embeddable":true,"href":"https:\/\/blogdorogeriogomes.com.br\/noticias\/wp-json\/wp\/v2\/tags?post=7724"}],"curies":[{"name":"wp","href":"https:\/\/api.w.org\/{rel}","templated":true}]}}