{"id":7732,"date":"2017-12-28T09:01:31","date_gmt":"2017-12-28T09:01:31","guid":{"rendered":"http:\/\/blogdorogeriogomes.com.br\/?p=7732"},"modified":"2017-12-28T09:01:31","modified_gmt":"2017-12-28T09:01:31","slug":"reforma-trabalhista-reduz-postos-de-trabalho-com-carteira-assinada-no-pais","status":"publish","type":"post","link":"https:\/\/blogdorogeriogomes.com.br\/noticias\/2017\/12\/reforma-trabalhista-reduz-postos-de-trabalho-com-carteira-assinada-no-pais\/","title":{"rendered":"Reforma trabalhista reduz postos de trabalho com carteira assinada no Pa\u00eds"},"content":{"rendered":"<p><img loading=\"lazy\" decoding=\"async\" class=\"alignnone size-medium wp-image-7733\" src=\"http:\/\/blogdorogeriogomes.com.br\/wp-content\/uploads\/2017\/12\/images-49-300x208.jpeg\" alt=\"images (49)\" width=\"300\" height=\"208\" srcset=\"https:\/\/blogdorogeriogomes.com.br\/noticias\/wp-content\/uploads\/2017\/12\/images-49-300x208.jpeg 300w, https:\/\/blogdorogeriogomes.com.br\/noticias\/wp-content\/uploads\/2017\/12\/images-49.jpeg 461w\" sizes=\"auto, (max-width: 300px) 100vw, 300px\" \/><\/p>\n<p><span style=\"font-weight: 400;\">A promessa de gera\u00e7\u00e3o de empregos feita pelo Governo Federal com a aprova\u00e7\u00e3o da reforma trabalhista ainda n\u00e3o aconteceu. N\u00fameros do Cadastro Geral de Empregados e Desempregados (Caged) no Pa\u00eds mostram que o Brasil perdeu 12.292 vagas de trabalho com carteira assinada em novembro deste ano.<\/span><\/p>\n<p><span style=\"font-weight: 400;\">O dado representa a diferen\u00e7a entre as contrata\u00e7\u00f5es, que somaram 1.111.798, e o de demiss\u00f5es no m\u00eas passado, que totalizaram 1.124.090. \u00c9 o reflexo da chamada jornada intermitente que j\u00e1 causou v\u00e1rias demiss\u00f5es de pessoas com carteira.<\/span><\/p>\n<p><span style=\"font-weight: 400;\">Em tempo, o ministro do Trabalho, Ronaldo Nogueira, pediu demiss\u00e3o do cargo nesta quarta-feira, dia 27 de dezembro. Ele alegou raz\u00f5es pessoais para entregar o cargo, dizendo que pretende se dedicar \u00e0 campanha para reelei\u00e7\u00e3o a deputado federal. Realmente, ligado ao Governo Temer, ele caminhava para n\u00e3o se reeleger. Resta saber se ainda haver\u00e1 tempo para recuperar sua imagem junto ao eleitorado.<\/span><\/p>\n","protected":false},"excerpt":{"rendered":"<p>A promessa de gera\u00e7\u00e3o de empregos feita pelo Governo Federal com a aprova\u00e7\u00e3o da reforma trabalhista ainda n\u00e3o aconteceu. N\u00fameros do Cadastro Geral de Empregados e Desempregados (Caged) no Pa\u00eds mostram que o Brasil perdeu 12.292 vagas de trabalho com carteira assinada em novembro deste ano. O dado representa a diferen\u00e7a entre as contrata\u00e7\u00f5es, que somaram 1.111.798, e o de demiss\u00f5es no m\u00eas passado, que totalizaram 1.124.090. \u00c9 o reflexo da chamada jornada intermitente que j\u00e1 causou v\u00e1rias demiss\u00f5es&hellip;<\/p>\n","protected":false},"author":1,"featured_media":0,"comment_status":"open","ping_status":"open","sticky":false,"template":"","format":"standard","meta":{"footnotes":""},"categories":[1],"tags":[],"class_list":["post-7732","post","type-post","status-publish","format-standard","hentry","category-noticias"],"_links":{"self":[{"href":"https:\/\/blogdorogeriogomes.com.br\/noticias\/wp-json\/wp\/v2\/posts\/7732","targetHints":{"allow":["GET"]}}],"collection":[{"href":"https:\/\/blogdorogeriogomes.com.br\/noticias\/wp-json\/wp\/v2\/posts"}],"about":[{"href":"https:\/\/blogdorogeriogomes.com.br\/noticias\/wp-json\/wp\/v2\/types\/post"}],"author":[{"embeddable":true,"href":"https:\/\/blogdorogeriogomes.com.br\/noticias\/wp-json\/wp\/v2\/users\/1"}],"replies":[{"embeddable":true,"href":"https:\/\/blogdorogeriogomes.com.br\/noticias\/wp-json\/wp\/v2\/comments?post=7732"}],"version-history":[{"count":1,"href":"https:\/\/blogdorogeriogomes.com.br\/noticias\/wp-json\/wp\/v2\/posts\/7732\/revisions"}],"predecessor-version":[{"id":7734,"href":"https:\/\/blogdorogeriogomes.com.br\/noticias\/wp-json\/wp\/v2\/posts\/7732\/revisions\/7734"}],"wp:attachment":[{"href":"https:\/\/blogdorogeriogomes.com.br\/noticias\/wp-json\/wp\/v2\/media?parent=7732"}],"wp:term":[{"taxonomy":"category","embeddable":true,"href":"https:\/\/blogdorogeriogomes.com.br\/noticias\/wp-json\/wp\/v2\/categories?post=7732"},{"taxonomy":"post_tag","embeddable":true,"href":"https:\/\/blogdorogeriogomes.com.br\/noticias\/wp-json\/wp\/v2\/tags?post=7732"}],"curies":[{"name":"wp","href":"https:\/\/api.w.org\/{rel}","templated":true}]}}