{"id":7741,"date":"2017-12-28T23:07:53","date_gmt":"2017-12-28T23:07:53","guid":{"rendered":"http:\/\/blogdorogeriogomes.com.br\/?p=7741"},"modified":"2017-12-28T23:07:53","modified_gmt":"2017-12-28T23:07:53","slug":"desorganizacao-financeira-leva-prefeituras-do-interior-ate-a-sofrerem-corte-na-energia-eletrica","status":"publish","type":"post","link":"https:\/\/blogdorogeriogomes.com.br\/noticias\/2017\/12\/desorganizacao-financeira-leva-prefeituras-do-interior-ate-a-sofrerem-corte-na-energia-eletrica\/","title":{"rendered":"Desorganiza\u00e7\u00e3o financeira leva prefeituras do interior at\u00e9 a sofrerem corte na energia el\u00e9trica"},"content":{"rendered":"<p><img loading=\"lazy\" decoding=\"async\" class=\"alignnone size-medium wp-image-7742\" src=\"http:\/\/blogdorogeriogomes.com.br\/wp-content\/uploads\/2017\/12\/images-51-300x200.jpeg\" alt=\"images (51)\" width=\"300\" height=\"200\" srcset=\"https:\/\/blogdorogeriogomes.com.br\/noticias\/wp-content\/uploads\/2017\/12\/images-51-300x200.jpeg 300w, https:\/\/blogdorogeriogomes.com.br\/noticias\/wp-content\/uploads\/2017\/12\/images-51.jpeg 470w\" sizes=\"auto, (max-width: 300px) 100vw, 300px\" \/><\/p>\n<p><span style=\"font-weight: 400;\">At\u00e9 que ponto vai o problema financeiro em munic\u00edpios do interior do Cear\u00e1. Esta semana, a Enel Distribui\u00e7\u00e3o (antiga Coelce) anunciou o corte de energia el\u00e9trica de seis munic\u00edpios cearenses: Amontada, Ipaporanga, Jijoca de Jericoacoara, Pires Ferreira, Uruburetama e Senador S\u00e1.<\/span><\/p>\n<p><span style=\"font-weight: 400;\">O corte teria ocorrido entre os dias 18 e 27 de dezembro por causa da falta de pagamento das contas pelas prefeituras.<\/span><\/p>\n<p><span style=\"font-weight: 400;\">A Enel diz ter buscado as administra\u00e7\u00f5es municipais para negociar os d\u00e9bitos, mas n\u00e3o houve sucesso. As interrup\u00e7\u00f5es do abastecimento de energia ocorreram em unidades consumidoras que n\u00e3o prestam servi\u00e7os essenciais.<\/span><\/p>\n","protected":false},"excerpt":{"rendered":"<p>At\u00e9 que ponto vai o problema financeiro em munic\u00edpios do interior do Cear\u00e1. Esta semana, a Enel Distribui\u00e7\u00e3o (antiga Coelce) anunciou o corte de energia el\u00e9trica de seis munic\u00edpios cearenses: Amontada, Ipaporanga, Jijoca de Jericoacoara, Pires Ferreira, Uruburetama e Senador S\u00e1. O corte teria ocorrido entre os dias 18 e 27 de dezembro por causa da falta de pagamento das contas pelas prefeituras. A Enel diz ter buscado as administra\u00e7\u00f5es municipais para negociar os d\u00e9bitos, mas n\u00e3o houve sucesso.&hellip;<\/p>\n","protected":false},"author":1,"featured_media":0,"comment_status":"open","ping_status":"open","sticky":false,"template":"","format":"standard","meta":{"footnotes":""},"categories":[1],"tags":[],"class_list":["post-7741","post","type-post","status-publish","format-standard","hentry","category-noticias"],"_links":{"self":[{"href":"https:\/\/blogdorogeriogomes.com.br\/noticias\/wp-json\/wp\/v2\/posts\/7741","targetHints":{"allow":["GET"]}}],"collection":[{"href":"https:\/\/blogdorogeriogomes.com.br\/noticias\/wp-json\/wp\/v2\/posts"}],"about":[{"href":"https:\/\/blogdorogeriogomes.com.br\/noticias\/wp-json\/wp\/v2\/types\/post"}],"author":[{"embeddable":true,"href":"https:\/\/blogdorogeriogomes.com.br\/noticias\/wp-json\/wp\/v2\/users\/1"}],"replies":[{"embeddable":true,"href":"https:\/\/blogdorogeriogomes.com.br\/noticias\/wp-json\/wp\/v2\/comments?post=7741"}],"version-history":[{"count":1,"href":"https:\/\/blogdorogeriogomes.com.br\/noticias\/wp-json\/wp\/v2\/posts\/7741\/revisions"}],"predecessor-version":[{"id":7743,"href":"https:\/\/blogdorogeriogomes.com.br\/noticias\/wp-json\/wp\/v2\/posts\/7741\/revisions\/7743"}],"wp:attachment":[{"href":"https:\/\/blogdorogeriogomes.com.br\/noticias\/wp-json\/wp\/v2\/media?parent=7741"}],"wp:term":[{"taxonomy":"category","embeddable":true,"href":"https:\/\/blogdorogeriogomes.com.br\/noticias\/wp-json\/wp\/v2\/categories?post=7741"},{"taxonomy":"post_tag","embeddable":true,"href":"https:\/\/blogdorogeriogomes.com.br\/noticias\/wp-json\/wp\/v2\/tags?post=7741"}],"curies":[{"name":"wp","href":"https:\/\/api.w.org\/{rel}","templated":true}]}}