{"id":7747,"date":"2017-12-29T09:25:00","date_gmt":"2017-12-29T09:25:00","guid":{"rendered":"http:\/\/blogdorogeriogomes.com.br\/?p=7747"},"modified":"2017-12-29T09:25:00","modified_gmt":"2017-12-29T09:25:00","slug":"comercio-popular-comemora-bom-movimento-e-prefeitura-reforca-fiscalizacao","status":"publish","type":"post","link":"https:\/\/blogdorogeriogomes.com.br\/noticias\/2017\/12\/comercio-popular-comemora-bom-movimento-e-prefeitura-reforca-fiscalizacao\/","title":{"rendered":"Com\u00e9rcio popular comemora bom movimento e Prefeitura refor\u00e7a fiscaliza\u00e7\u00e3o"},"content":{"rendered":"<p><img loading=\"lazy\" decoding=\"async\" class=\"alignnone size-medium wp-image-7748\" src=\"http:\/\/blogdorogeriogomes.com.br\/wp-content\/uploads\/2017\/12\/image-3-300x196.jpg\" alt=\"image (3)\" width=\"300\" height=\"196\" srcset=\"https:\/\/blogdorogeriogomes.com.br\/noticias\/wp-content\/uploads\/2017\/12\/image-3-300x196.jpg 300w, https:\/\/blogdorogeriogomes.com.br\/noticias\/wp-content\/uploads\/2017\/12\/image-3-768x501.jpg 768w, https:\/\/blogdorogeriogomes.com.br\/noticias\/wp-content\/uploads\/2017\/12\/image-3-1024x668.jpg 1024w, https:\/\/blogdorogeriogomes.com.br\/noticias\/wp-content\/uploads\/2017\/12\/image-3.jpg 1200w\" sizes=\"auto, (max-width: 300px) 100vw, 300px\" \/><\/p>\n<p><span style=\"font-weight: 400;\">O fim de ano tem sido de bons neg\u00f3cios para o com\u00e9rcio popular em Fortaleza. A Rua Jos\u00e9 Avelino, por exemplo, ainda registra muitos consumidores em busca de comprar confec\u00e7\u00e3o. No entanto, a Prefeitura intensifica a fiscaliza\u00e7\u00e3o no per\u00edodo para A Ag\u00eancia de Fiscaliza\u00e7\u00e3o de Fortaleza (Agefis) \u00e9 respons\u00e1vel pelo trabalho<\/span><\/p>\n<p><span style=\"font-weight: 400;\"> Em dezembro, o \u00f3rg\u00e3o municipal j\u00e1 152 apreens\u00f5es de mercadorias na Jos\u00e9 Avelino que estavam sendo comercializadas de forma irregular.<\/span><span style=\"font-weight: 400;\"><br \/>\n<\/span><span style=\"font-weight: 400;\">A fiscaliza\u00e7\u00e3o do Munic\u00edpio concentra as a\u00e7\u00f5es entre a Rua Jos\u00e9 Avelino e a Avenida Alberto Nepomuceno, no Centro da Capital.<\/span><\/p>\n","protected":false},"excerpt":{"rendered":"<p>O fim de ano tem sido de bons neg\u00f3cios para o com\u00e9rcio popular em Fortaleza. A Rua Jos\u00e9 Avelino, por exemplo, ainda registra muitos consumidores em busca de comprar confec\u00e7\u00e3o. No entanto, a Prefeitura intensifica a fiscaliza\u00e7\u00e3o no per\u00edodo para A Ag\u00eancia de Fiscaliza\u00e7\u00e3o de Fortaleza (Agefis) \u00e9 respons\u00e1vel pelo trabalho Em dezembro, o \u00f3rg\u00e3o municipal j\u00e1 152 apreens\u00f5es de mercadorias na Jos\u00e9 Avelino que estavam sendo comercializadas de forma irregular. A fiscaliza\u00e7\u00e3o do Munic\u00edpio concentra as a\u00e7\u00f5es entre&hellip;<\/p>\n","protected":false},"author":1,"featured_media":0,"comment_status":"open","ping_status":"open","sticky":false,"template":"","format":"standard","meta":{"footnotes":""},"categories":[1],"tags":[],"class_list":["post-7747","post","type-post","status-publish","format-standard","hentry","category-noticias"],"_links":{"self":[{"href":"https:\/\/blogdorogeriogomes.com.br\/noticias\/wp-json\/wp\/v2\/posts\/7747","targetHints":{"allow":["GET"]}}],"collection":[{"href":"https:\/\/blogdorogeriogomes.com.br\/noticias\/wp-json\/wp\/v2\/posts"}],"about":[{"href":"https:\/\/blogdorogeriogomes.com.br\/noticias\/wp-json\/wp\/v2\/types\/post"}],"author":[{"embeddable":true,"href":"https:\/\/blogdorogeriogomes.com.br\/noticias\/wp-json\/wp\/v2\/users\/1"}],"replies":[{"embeddable":true,"href":"https:\/\/blogdorogeriogomes.com.br\/noticias\/wp-json\/wp\/v2\/comments?post=7747"}],"version-history":[{"count":1,"href":"https:\/\/blogdorogeriogomes.com.br\/noticias\/wp-json\/wp\/v2\/posts\/7747\/revisions"}],"predecessor-version":[{"id":7749,"href":"https:\/\/blogdorogeriogomes.com.br\/noticias\/wp-json\/wp\/v2\/posts\/7747\/revisions\/7749"}],"wp:attachment":[{"href":"https:\/\/blogdorogeriogomes.com.br\/noticias\/wp-json\/wp\/v2\/media?parent=7747"}],"wp:term":[{"taxonomy":"category","embeddable":true,"href":"https:\/\/blogdorogeriogomes.com.br\/noticias\/wp-json\/wp\/v2\/categories?post=7747"},{"taxonomy":"post_tag","embeddable":true,"href":"https:\/\/blogdorogeriogomes.com.br\/noticias\/wp-json\/wp\/v2\/tags?post=7747"}],"curies":[{"name":"wp","href":"https:\/\/api.w.org\/{rel}","templated":true}]}}