{"id":7754,"date":"2017-12-30T12:13:22","date_gmt":"2017-12-30T12:13:22","guid":{"rendered":"http:\/\/blogdorogeriogomes.com.br\/?p=7754"},"modified":"2017-12-30T12:13:22","modified_gmt":"2017-12-30T12:13:22","slug":"reajuste-do-salario-minimo-e-a-ultima-piada-do-governo-temer-em-2017","status":"publish","type":"post","link":"https:\/\/blogdorogeriogomes.com.br\/noticias\/2017\/12\/reajuste-do-salario-minimo-e-a-ultima-piada-do-governo-temer-em-2017\/","title":{"rendered":"Reajuste do sal\u00e1rio m\u00ednimo \u00e9 a \u00faltima piada do Governo Temer em 2017"},"content":{"rendered":"<p><img loading=\"lazy\" decoding=\"async\" class=\"alignnone size-medium wp-image-7755\" src=\"http:\/\/blogdorogeriogomes.com.br\/wp-content\/uploads\/2017\/12\/images-53-300x173.jpeg\" alt=\"images (53)\" width=\"300\" height=\"173\" srcset=\"https:\/\/blogdorogeriogomes.com.br\/noticias\/wp-content\/uploads\/2017\/12\/images-53-300x173.jpeg 300w, https:\/\/blogdorogeriogomes.com.br\/noticias\/wp-content\/uploads\/2017\/12\/images-53.jpeg 505w\" sizes=\"auto, (max-width: 300px) 100vw, 300px\" \/><\/p>\n<p><span style=\"font-weight: 400;\">Somados aos diversos cortes em programas sociais ao longo do ano, o presidente Michel Temer fecha 2017 com o an\u00fancio do reajuste do sal\u00e1rio m\u00ednimo mais p\u00edfio dos \u00faltimos 24 anos. Elevou o m\u00ednimo em 1,81%, de R$ 937,00 para R$ 954,00, uma diferen\u00e7a de R$ 17. O aumento ser\u00e1 inferior \u00e0 infla\u00e7\u00e3o acumulada em 12 meses pela primeira vez desde 2011.<\/span><span style=\"font-weight: 400;\"><br \/>\n<\/span><span style=\"font-weight: 400;\">O reajuste anunciado discretamente em um decreto presidencial surpreende ao trazer aumento menor que o sinalizado pelo pr\u00f3prio governo. Mas h\u00e1 uma raz\u00e3o pra isso. A equipe econ\u00f4mica tira dinheiro de quem ganha pouco pra tentar compensar o rombo nas contas do Governo que est\u00e1 mais alto do que nunca.<\/span><\/p>\n<p><span style=\"font-weight: 400;\">A\u00ed, Temer ainda tem a coragem de ficar abrindo a boca pra falar em crescimento econ\u00f4mico, gera\u00e7\u00e3o de emprego e outras baboseiras. Que as elei\u00e7\u00f5es de 2018 cheguem logo.<\/span><\/p>\n","protected":false},"excerpt":{"rendered":"<p>Somados aos diversos cortes em programas sociais ao longo do ano, o presidente Michel Temer fecha 2017 com o an\u00fancio do reajuste do sal\u00e1rio m\u00ednimo mais p\u00edfio dos \u00faltimos 24 anos. Elevou o m\u00ednimo em 1,81%, de R$ 937,00 para R$ 954,00, uma diferen\u00e7a de R$ 17. O aumento ser\u00e1 inferior \u00e0 infla\u00e7\u00e3o acumulada em 12 meses pela primeira vez desde 2011. O reajuste anunciado discretamente em um decreto presidencial surpreende ao trazer aumento menor que o sinalizado pelo&hellip;<\/p>\n","protected":false},"author":1,"featured_media":0,"comment_status":"open","ping_status":"open","sticky":false,"template":"","format":"standard","meta":{"footnotes":""},"categories":[1],"tags":[],"class_list":["post-7754","post","type-post","status-publish","format-standard","hentry","category-noticias"],"_links":{"self":[{"href":"https:\/\/blogdorogeriogomes.com.br\/noticias\/wp-json\/wp\/v2\/posts\/7754","targetHints":{"allow":["GET"]}}],"collection":[{"href":"https:\/\/blogdorogeriogomes.com.br\/noticias\/wp-json\/wp\/v2\/posts"}],"about":[{"href":"https:\/\/blogdorogeriogomes.com.br\/noticias\/wp-json\/wp\/v2\/types\/post"}],"author":[{"embeddable":true,"href":"https:\/\/blogdorogeriogomes.com.br\/noticias\/wp-json\/wp\/v2\/users\/1"}],"replies":[{"embeddable":true,"href":"https:\/\/blogdorogeriogomes.com.br\/noticias\/wp-json\/wp\/v2\/comments?post=7754"}],"version-history":[{"count":1,"href":"https:\/\/blogdorogeriogomes.com.br\/noticias\/wp-json\/wp\/v2\/posts\/7754\/revisions"}],"predecessor-version":[{"id":7756,"href":"https:\/\/blogdorogeriogomes.com.br\/noticias\/wp-json\/wp\/v2\/posts\/7754\/revisions\/7756"}],"wp:attachment":[{"href":"https:\/\/blogdorogeriogomes.com.br\/noticias\/wp-json\/wp\/v2\/media?parent=7754"}],"wp:term":[{"taxonomy":"category","embeddable":true,"href":"https:\/\/blogdorogeriogomes.com.br\/noticias\/wp-json\/wp\/v2\/categories?post=7754"},{"taxonomy":"post_tag","embeddable":true,"href":"https:\/\/blogdorogeriogomes.com.br\/noticias\/wp-json\/wp\/v2\/tags?post=7754"}],"curies":[{"name":"wp","href":"https:\/\/api.w.org\/{rel}","templated":true}]}}