{"id":7757,"date":"2017-12-31T13:45:38","date_gmt":"2017-12-31T13:45:38","guid":{"rendered":"http:\/\/blogdorogeriogomes.com.br\/?p=7757"},"modified":"2017-12-31T13:45:38","modified_gmt":"2017-12-31T13:45:38","slug":"no-ultimo-evento-de-2017-governo-entrega-adutora-em-caridade","status":"publish","type":"post","link":"https:\/\/blogdorogeriogomes.com.br\/noticias\/2017\/12\/no-ultimo-evento-de-2017-governo-entrega-adutora-em-caridade\/","title":{"rendered":"No \u00faltimo evento de 2017, Governo entrega adutora em Caridade"},"content":{"rendered":"<p><img loading=\"lazy\" decoding=\"async\" class=\"alignnone size-medium wp-image-7758\" src=\"http:\/\/blogdorogeriogomes.com.br\/wp-content\/uploads\/2017\/12\/IMG-20171231-WA0032-300x225.jpg\" alt=\"IMG-20171231-WA0032\" width=\"300\" height=\"225\" srcset=\"https:\/\/blogdorogeriogomes.com.br\/noticias\/wp-content\/uploads\/2017\/12\/IMG-20171231-WA0032-300x225.jpg 300w, https:\/\/blogdorogeriogomes.com.br\/noticias\/wp-content\/uploads\/2017\/12\/IMG-20171231-WA0032-768x576.jpg 768w, https:\/\/blogdorogeriogomes.com.br\/noticias\/wp-content\/uploads\/2017\/12\/IMG-20171231-WA0032.jpg 1024w\" sizes=\"auto, (max-width: 300px) 100vw, 300px\" \/><\/p>\n<p><span style=\"font-weight: 400;\">O governador Camilo Santana inaugurou adutora de 19,6km para abastecer o distrito de Campos Belos, em Caridade. Mais de 5 mil pessoas ser\u00e3o beneficiadas. O equipamento teve investimento de R$ 2,5 milh\u00f5es do Governo do Cear\u00e1 e captar\u00e1 \u00e1gua do A\u00e7ude General Sampaio. <\/span><span style=\"font-weight: 400;\"><br \/>\n<\/span><span style=\"font-weight: 400;\">\u201cEu sei da luta de voc\u00eas para receber essa adutora. Hoje, conseguimos realizar esse desejo de toda popula\u00e7\u00e3o de Campos Belos. \u00c9 muito simb\u00f3lico a gente encerrar o ano trabalhando e entregando um equipamento que vai garantir \u00e1gua para nossos irm\u00e3os cearenses. \u00c9 uma alegria muito grande terminar 2017 dessa forma. Que a gente possa ter um ano de 2018 com muita paz, amor e muita chuva em todo o Cear\u00e1\u201d, disse o governador Camilo Santana.<\/span><\/p>\n","protected":false},"excerpt":{"rendered":"<p>O governador Camilo Santana inaugurou adutora de 19,6km para abastecer o distrito de Campos Belos, em Caridade. Mais de 5 mil pessoas ser\u00e3o beneficiadas. O equipamento teve investimento de R$ 2,5 milh\u00f5es do Governo do Cear\u00e1 e captar\u00e1 \u00e1gua do A\u00e7ude General Sampaio. \u201cEu sei da luta de voc\u00eas para receber essa adutora. Hoje, conseguimos realizar esse desejo de toda popula\u00e7\u00e3o de Campos Belos. \u00c9 muito simb\u00f3lico a gente encerrar o ano trabalhando e entregando um equipamento que vai&hellip;<\/p>\n","protected":false},"author":1,"featured_media":0,"comment_status":"open","ping_status":"open","sticky":false,"template":"","format":"standard","meta":{"footnotes":""},"categories":[1],"tags":[],"class_list":["post-7757","post","type-post","status-publish","format-standard","hentry","category-noticias"],"_links":{"self":[{"href":"https:\/\/blogdorogeriogomes.com.br\/noticias\/wp-json\/wp\/v2\/posts\/7757","targetHints":{"allow":["GET"]}}],"collection":[{"href":"https:\/\/blogdorogeriogomes.com.br\/noticias\/wp-json\/wp\/v2\/posts"}],"about":[{"href":"https:\/\/blogdorogeriogomes.com.br\/noticias\/wp-json\/wp\/v2\/types\/post"}],"author":[{"embeddable":true,"href":"https:\/\/blogdorogeriogomes.com.br\/noticias\/wp-json\/wp\/v2\/users\/1"}],"replies":[{"embeddable":true,"href":"https:\/\/blogdorogeriogomes.com.br\/noticias\/wp-json\/wp\/v2\/comments?post=7757"}],"version-history":[{"count":1,"href":"https:\/\/blogdorogeriogomes.com.br\/noticias\/wp-json\/wp\/v2\/posts\/7757\/revisions"}],"predecessor-version":[{"id":7759,"href":"https:\/\/blogdorogeriogomes.com.br\/noticias\/wp-json\/wp\/v2\/posts\/7757\/revisions\/7759"}],"wp:attachment":[{"href":"https:\/\/blogdorogeriogomes.com.br\/noticias\/wp-json\/wp\/v2\/media?parent=7757"}],"wp:term":[{"taxonomy":"category","embeddable":true,"href":"https:\/\/blogdorogeriogomes.com.br\/noticias\/wp-json\/wp\/v2\/categories?post=7757"},{"taxonomy":"post_tag","embeddable":true,"href":"https:\/\/blogdorogeriogomes.com.br\/noticias\/wp-json\/wp\/v2\/tags?post=7757"}],"curies":[{"name":"wp","href":"https:\/\/api.w.org\/{rel}","templated":true}]}}