{"id":7763,"date":"2018-01-02T09:20:31","date_gmt":"2018-01-02T09:20:31","guid":{"rendered":"http:\/\/blogdorogeriogomes.com.br\/?p=7763"},"modified":"2018-01-02T09:20:31","modified_gmt":"2018-01-02T09:20:31","slug":"camara-dos-deputados-tem-pauta-polemica-para-2018","status":"publish","type":"post","link":"https:\/\/blogdorogeriogomes.com.br\/noticias\/2018\/01\/camara-dos-deputados-tem-pauta-polemica-para-2018\/","title":{"rendered":"C\u00e2mara dos Deputados tem pauta pol\u00eamica para 2018"},"content":{"rendered":"<p><img loading=\"lazy\" decoding=\"async\" class=\"alignnone size-medium wp-image-7764\" src=\"http:\/\/blogdorogeriogomes.com.br\/wp-content\/uploads\/2018\/01\/images-54-300x200.jpeg\" alt=\"images (54)\" width=\"300\" height=\"200\" srcset=\"https:\/\/blogdorogeriogomes.com.br\/noticias\/wp-content\/uploads\/2018\/01\/images-54-300x200.jpeg 300w, https:\/\/blogdorogeriogomes.com.br\/noticias\/wp-content\/uploads\/2018\/01\/images-54.jpeg 470w\" sizes=\"auto, (max-width: 300px) 100vw, 300px\" \/><\/p>\n<p><span style=\"font-weight: 400;\">O Governo espera votar a Reforma da Previd\u00eancia, em fevereiro, na C\u00e2mara dos Deputados. Mas a pauta do parlamento federal trar\u00e1 outras pol\u00eamicas para este ano.<\/span><\/p>\n<p><span style=\"font-weight: 400;\">Uma delas \u00e9 a PEC que acaba com o foro privilegiado no Pa\u00eds. A vers\u00e3o atual extingue o foro para todas as autoridades, exceto aos presidentes dos tr\u00eas Poderes. Mas a tend\u00eancia \u00e9 que a mat\u00e9ria sofra altera\u00e7\u00f5es.H\u00e1 ainda o projeto de lei que limita os chamados supersal\u00e1rios do funcionalismo p\u00fablico. Outra proposta em tramita\u00e7\u00e3o \u00e9 a que endurece as penas para abuso de autoridade. <\/span><\/p>\n<p><span style=\"font-weight: 400;\">S\u00e3o propostas que devem gerar muita discuss\u00e3o e v\u00e3o alimentar o cen\u00e1rio de disputa eleitoral no segundo semestre.<\/span><\/p>\n","protected":false},"excerpt":{"rendered":"<p>O Governo espera votar a Reforma da Previd\u00eancia, em fevereiro, na C\u00e2mara dos Deputados. Mas a pauta do parlamento federal trar\u00e1 outras pol\u00eamicas para este ano. Uma delas \u00e9 a PEC que acaba com o foro privilegiado no Pa\u00eds. A vers\u00e3o atual extingue o foro para todas as autoridades, exceto aos presidentes dos tr\u00eas Poderes. Mas a tend\u00eancia \u00e9 que a mat\u00e9ria sofra altera\u00e7\u00f5es.H\u00e1 ainda o projeto de lei que limita os chamados supersal\u00e1rios do funcionalismo p\u00fablico. Outra proposta&hellip;<\/p>\n","protected":false},"author":1,"featured_media":0,"comment_status":"open","ping_status":"open","sticky":false,"template":"","format":"standard","meta":{"footnotes":""},"categories":[1],"tags":[],"class_list":["post-7763","post","type-post","status-publish","format-standard","hentry","category-noticias"],"_links":{"self":[{"href":"https:\/\/blogdorogeriogomes.com.br\/noticias\/wp-json\/wp\/v2\/posts\/7763","targetHints":{"allow":["GET"]}}],"collection":[{"href":"https:\/\/blogdorogeriogomes.com.br\/noticias\/wp-json\/wp\/v2\/posts"}],"about":[{"href":"https:\/\/blogdorogeriogomes.com.br\/noticias\/wp-json\/wp\/v2\/types\/post"}],"author":[{"embeddable":true,"href":"https:\/\/blogdorogeriogomes.com.br\/noticias\/wp-json\/wp\/v2\/users\/1"}],"replies":[{"embeddable":true,"href":"https:\/\/blogdorogeriogomes.com.br\/noticias\/wp-json\/wp\/v2\/comments?post=7763"}],"version-history":[{"count":1,"href":"https:\/\/blogdorogeriogomes.com.br\/noticias\/wp-json\/wp\/v2\/posts\/7763\/revisions"}],"predecessor-version":[{"id":7765,"href":"https:\/\/blogdorogeriogomes.com.br\/noticias\/wp-json\/wp\/v2\/posts\/7763\/revisions\/7765"}],"wp:attachment":[{"href":"https:\/\/blogdorogeriogomes.com.br\/noticias\/wp-json\/wp\/v2\/media?parent=7763"}],"wp:term":[{"taxonomy":"category","embeddable":true,"href":"https:\/\/blogdorogeriogomes.com.br\/noticias\/wp-json\/wp\/v2\/categories?post=7763"},{"taxonomy":"post_tag","embeddable":true,"href":"https:\/\/blogdorogeriogomes.com.br\/noticias\/wp-json\/wp\/v2\/tags?post=7763"}],"curies":[{"name":"wp","href":"https:\/\/api.w.org\/{rel}","templated":true}]}}