{"id":7766,"date":"2018-01-02T23:34:47","date_gmt":"2018-01-02T23:34:47","guid":{"rendered":"http:\/\/blogdorogeriogomes.com.br\/?p=7766"},"modified":"2018-01-02T23:34:47","modified_gmt":"2018-01-02T23:34:47","slug":"novo-trecho-do-vlt-em-fortaleza-entra-em-operacao-experimental","status":"publish","type":"post","link":"https:\/\/blogdorogeriogomes.com.br\/noticias\/2018\/01\/novo-trecho-do-vlt-em-fortaleza-entra-em-operacao-experimental\/","title":{"rendered":"Novo trecho do VLT em Fortaleza entra em opera\u00e7\u00e3o experimental"},"content":{"rendered":"<p><img loading=\"lazy\" decoding=\"async\" class=\"alignnone size-medium wp-image-7767\" src=\"http:\/\/blogdorogeriogomes.com.br\/wp-content\/uploads\/2018\/01\/images-55-300x200.jpeg\" alt=\"images (55)\" width=\"300\" height=\"200\" srcset=\"https:\/\/blogdorogeriogomes.com.br\/noticias\/wp-content\/uploads\/2018\/01\/images-55-300x200.jpeg 300w, https:\/\/blogdorogeriogomes.com.br\/noticias\/wp-content\/uploads\/2018\/01\/images-55.jpeg 470w\" sizes=\"auto, (max-width: 300px) 100vw, 300px\" \/><\/p>\n<p><span style=\"font-weight: 400;\">O Ve\u00edculo Leve sobre Trilhos, no Ramal Parangaba-Mucuripe, iniciou a opera\u00e7\u00e3o experimental entre as esta\u00e7\u00f5es Borges de Melo e S\u00e3o Jo\u00e3o do Tauape, em Fortaleza. Nesta fase, o trem circula apenas em testes, sem passageiros. O trecho tem 1.800 metros e cruza parte do bairro de F\u00e1tima, na altura da Comunidade Aldaci Barbosa, e utilizando o elevado sobre a Avenida Aguanambi e nova ponte sobre o Riacho S\u00e3o Jo\u00e3o do Tauape.<\/span><span style=\"font-weight: 400;\"><br \/>\n<\/span><span style=\"font-weight: 400;\">Ainda em janeiro, ser\u00e3o conclu\u00eddos os demais servi\u00e7os no trecho, tais como drenagem, prote\u00e7\u00e3o da faixa de dom\u00ednio, cal\u00e7adas, arruamento, paisagismo e limpeza.<\/span><span style=\"font-weight: 400;\"><br \/>\n<\/span><span style=\"font-weight: 400;\">O trecho 2, que liga as Esta\u00e7\u00f5es Parangaba e Borges de Melo, est\u00e1 em Opera\u00e7\u00e3o Assistida, com transporte de passageiros e sem cobran\u00e7a de tarifa, circulando de segunda a sexta-feira, de 6 da manh\u00e3 ao meio-dia.<\/span><\/p>\n","protected":false},"excerpt":{"rendered":"<p>O Ve\u00edculo Leve sobre Trilhos, no Ramal Parangaba-Mucuripe, iniciou a opera\u00e7\u00e3o experimental entre as esta\u00e7\u00f5es Borges de Melo e S\u00e3o Jo\u00e3o do Tauape, em Fortaleza. Nesta fase, o trem circula apenas em testes, sem passageiros. O trecho tem 1.800 metros e cruza parte do bairro de F\u00e1tima, na altura da Comunidade Aldaci Barbosa, e utilizando o elevado sobre a Avenida Aguanambi e nova ponte sobre o Riacho S\u00e3o Jo\u00e3o do Tauape. Ainda em janeiro, ser\u00e3o conclu\u00eddos os demais servi\u00e7os&hellip;<\/p>\n","protected":false},"author":1,"featured_media":0,"comment_status":"open","ping_status":"open","sticky":false,"template":"","format":"standard","meta":{"footnotes":""},"categories":[1],"tags":[],"class_list":["post-7766","post","type-post","status-publish","format-standard","hentry","category-noticias"],"_links":{"self":[{"href":"https:\/\/blogdorogeriogomes.com.br\/noticias\/wp-json\/wp\/v2\/posts\/7766","targetHints":{"allow":["GET"]}}],"collection":[{"href":"https:\/\/blogdorogeriogomes.com.br\/noticias\/wp-json\/wp\/v2\/posts"}],"about":[{"href":"https:\/\/blogdorogeriogomes.com.br\/noticias\/wp-json\/wp\/v2\/types\/post"}],"author":[{"embeddable":true,"href":"https:\/\/blogdorogeriogomes.com.br\/noticias\/wp-json\/wp\/v2\/users\/1"}],"replies":[{"embeddable":true,"href":"https:\/\/blogdorogeriogomes.com.br\/noticias\/wp-json\/wp\/v2\/comments?post=7766"}],"version-history":[{"count":1,"href":"https:\/\/blogdorogeriogomes.com.br\/noticias\/wp-json\/wp\/v2\/posts\/7766\/revisions"}],"predecessor-version":[{"id":7768,"href":"https:\/\/blogdorogeriogomes.com.br\/noticias\/wp-json\/wp\/v2\/posts\/7766\/revisions\/7768"}],"wp:attachment":[{"href":"https:\/\/blogdorogeriogomes.com.br\/noticias\/wp-json\/wp\/v2\/media?parent=7766"}],"wp:term":[{"taxonomy":"category","embeddable":true,"href":"https:\/\/blogdorogeriogomes.com.br\/noticias\/wp-json\/wp\/v2\/categories?post=7766"},{"taxonomy":"post_tag","embeddable":true,"href":"https:\/\/blogdorogeriogomes.com.br\/noticias\/wp-json\/wp\/v2\/tags?post=7766"}],"curies":[{"name":"wp","href":"https:\/\/api.w.org\/{rel}","templated":true}]}}