{"id":7769,"date":"2018-01-02T23:49:47","date_gmt":"2018-01-02T23:49:47","guid":{"rendered":"http:\/\/blogdorogeriogomes.com.br\/?p=7769"},"modified":"2018-01-02T23:49:47","modified_gmt":"2018-01-02T23:49:47","slug":"roberto-claudio-anuncia-plano-de-contingencia-para-as-chuvas","status":"publish","type":"post","link":"https:\/\/blogdorogeriogomes.com.br\/noticias\/2018\/01\/roberto-claudio-anuncia-plano-de-contingencia-para-as-chuvas\/","title":{"rendered":"Roberto Cl\u00e1udio anuncia Plano de Conting\u00eancia para as chuvas"},"content":{"rendered":"<p><img loading=\"lazy\" decoding=\"async\" class=\"alignnone size-medium wp-image-7770\" src=\"http:\/\/blogdorogeriogomes.com.br\/wp-content\/uploads\/2018\/01\/images-56-300x200.jpeg\" alt=\"images (56)\" width=\"300\" height=\"200\" srcset=\"https:\/\/blogdorogeriogomes.com.br\/noticias\/wp-content\/uploads\/2018\/01\/images-56-300x200.jpeg 300w, https:\/\/blogdorogeriogomes.com.br\/noticias\/wp-content\/uploads\/2018\/01\/images-56.jpeg 470w\" sizes=\"auto, (max-width: 300px) 100vw, 300px\" \/><\/p>\n<p><span style=\"font-weight: 400;\">O prefeito de Fortaleza, Roberto Cl\u00e1udio, apresenta nesta quarta-feira, dia 3 de janeiro, no Pa\u00e7o Municipal, no Centro da Capital, o Plano de Conting\u00eancia para as chuvas de 2018. As medidas t\u00eam objetivo de prevenir e minimizar impactos provocados pela quadra chuvosa esperada para este ano.<\/span><\/p>\n<p><span style=\"font-weight: 400;\">Entre as interven\u00e7\u00f5es anunciadas est\u00e3o o plano que estabelece o acompanhamento de fam\u00edlias vulner\u00e1veis a intercorr\u00eancias graves, a limpeza de canais, lagoas e bocas de lobo; al\u00e9m de a\u00e7\u00f5es direcionadas \u00e0 assist\u00eancia social e hospitalar.<\/span><\/p>\n","protected":false},"excerpt":{"rendered":"<p>O prefeito de Fortaleza, Roberto Cl\u00e1udio, apresenta nesta quarta-feira, dia 3 de janeiro, no Pa\u00e7o Municipal, no Centro da Capital, o Plano de Conting\u00eancia para as chuvas de 2018. As medidas t\u00eam objetivo de prevenir e minimizar impactos provocados pela quadra chuvosa esperada para este ano. Entre as interven\u00e7\u00f5es anunciadas est\u00e3o o plano que estabelece o acompanhamento de fam\u00edlias vulner\u00e1veis a intercorr\u00eancias graves, a limpeza de canais, lagoas e bocas de lobo; al\u00e9m de a\u00e7\u00f5es direcionadas \u00e0 assist\u00eancia social&hellip;<\/p>\n","protected":false},"author":1,"featured_media":0,"comment_status":"open","ping_status":"open","sticky":false,"template":"","format":"standard","meta":{"footnotes":""},"categories":[1],"tags":[],"class_list":["post-7769","post","type-post","status-publish","format-standard","hentry","category-noticias"],"_links":{"self":[{"href":"https:\/\/blogdorogeriogomes.com.br\/noticias\/wp-json\/wp\/v2\/posts\/7769","targetHints":{"allow":["GET"]}}],"collection":[{"href":"https:\/\/blogdorogeriogomes.com.br\/noticias\/wp-json\/wp\/v2\/posts"}],"about":[{"href":"https:\/\/blogdorogeriogomes.com.br\/noticias\/wp-json\/wp\/v2\/types\/post"}],"author":[{"embeddable":true,"href":"https:\/\/blogdorogeriogomes.com.br\/noticias\/wp-json\/wp\/v2\/users\/1"}],"replies":[{"embeddable":true,"href":"https:\/\/blogdorogeriogomes.com.br\/noticias\/wp-json\/wp\/v2\/comments?post=7769"}],"version-history":[{"count":1,"href":"https:\/\/blogdorogeriogomes.com.br\/noticias\/wp-json\/wp\/v2\/posts\/7769\/revisions"}],"predecessor-version":[{"id":7771,"href":"https:\/\/blogdorogeriogomes.com.br\/noticias\/wp-json\/wp\/v2\/posts\/7769\/revisions\/7771"}],"wp:attachment":[{"href":"https:\/\/blogdorogeriogomes.com.br\/noticias\/wp-json\/wp\/v2\/media?parent=7769"}],"wp:term":[{"taxonomy":"category","embeddable":true,"href":"https:\/\/blogdorogeriogomes.com.br\/noticias\/wp-json\/wp\/v2\/categories?post=7769"},{"taxonomy":"post_tag","embeddable":true,"href":"https:\/\/blogdorogeriogomes.com.br\/noticias\/wp-json\/wp\/v2\/tags?post=7769"}],"curies":[{"name":"wp","href":"https:\/\/api.w.org\/{rel}","templated":true}]}}