{"id":7773,"date":"2018-01-03T08:49:47","date_gmt":"2018-01-03T08:49:47","guid":{"rendered":"http:\/\/blogdorogeriogomes.com.br\/?p=7773"},"modified":"2018-01-03T08:49:47","modified_gmt":"2018-01-03T08:49:47","slug":"camilo-santana-reune-secretariado-apos-as-ferias","status":"publish","type":"post","link":"https:\/\/blogdorogeriogomes.com.br\/noticias\/2018\/01\/camilo-santana-reune-secretariado-apos-as-ferias\/","title":{"rendered":"Camilo Santana re\u00fane secretariado ap\u00f3s as f\u00e9rias"},"content":{"rendered":"<p><img loading=\"lazy\" decoding=\"async\" class=\"alignnone size-medium wp-image-7774\" src=\"http:\/\/blogdorogeriogomes.com.br\/wp-content\/uploads\/2018\/01\/images-57-300x162.jpeg\" alt=\"images (57)\" width=\"300\" height=\"162\" srcset=\"https:\/\/blogdorogeriogomes.com.br\/noticias\/wp-content\/uploads\/2018\/01\/images-57-300x162.jpeg 300w, https:\/\/blogdorogeriogomes.com.br\/noticias\/wp-content\/uploads\/2018\/01\/images-57.jpeg 521w\" sizes=\"auto, (max-width: 300px) 100vw, 300px\" \/><\/p>\n<p><span style=\"font-weight: 400;\">As f\u00e9rias do governador Camilo Santana com a fam\u00edlia devem prosseguir at\u00e9 dia 15 de janeiro. Mas no retorno, o chefe do Executivo Estadual j\u00e1 deve fazer o primeiro encontro do ano com o secretariado nos dias 19 e 20. Na pauta estar\u00e1 o planejamento de a\u00e7\u00f5es para 2018, que envolvem os setores de seguran\u00e7a p\u00fablica, sa\u00fade e combate a seca.<\/span><\/p>\n<p><span style=\"font-weight: 400;\">Entre projetos que devem ganhar esfor\u00e7o na gest\u00e3o est\u00e3o tamb\u00e9m os projetos da Refinaria do Cear\u00e1, da Transnordestina e Parceria P\u00fablico-Privada (PPP) para conclus\u00e3o do Acqu\u00e1rio Cear\u00e1.<\/span><\/p>\n<p><span style=\"font-weight: 400;\">Camilo quer dar agilidade nas a\u00e7\u00f5es governamentais no primeiro semestre, visto que 2018 ser\u00e1 de elei\u00e7\u00f5es no segundo. A campanha eleitoral costuma paralisar o funcionamento, principalmente, do Legislativo. E, no caso do pr\u00f3prio governador, ele dever\u00e1 estar envolvido nos planos de reelei\u00e7\u00e3o.<\/span><\/p>\n","protected":false},"excerpt":{"rendered":"<p>As f\u00e9rias do governador Camilo Santana com a fam\u00edlia devem prosseguir at\u00e9 dia 15 de janeiro. Mas no retorno, o chefe do Executivo Estadual j\u00e1 deve fazer o primeiro encontro do ano com o secretariado nos dias 19 e 20. Na pauta estar\u00e1 o planejamento de a\u00e7\u00f5es para 2018, que envolvem os setores de seguran\u00e7a p\u00fablica, sa\u00fade e combate a seca. Entre projetos que devem ganhar esfor\u00e7o na gest\u00e3o est\u00e3o tamb\u00e9m os projetos da Refinaria do Cear\u00e1, da Transnordestina&hellip;<\/p>\n","protected":false},"author":1,"featured_media":0,"comment_status":"open","ping_status":"open","sticky":false,"template":"","format":"standard","meta":{"footnotes":""},"categories":[1],"tags":[],"class_list":["post-7773","post","type-post","status-publish","format-standard","hentry","category-noticias"],"_links":{"self":[{"href":"https:\/\/blogdorogeriogomes.com.br\/noticias\/wp-json\/wp\/v2\/posts\/7773","targetHints":{"allow":["GET"]}}],"collection":[{"href":"https:\/\/blogdorogeriogomes.com.br\/noticias\/wp-json\/wp\/v2\/posts"}],"about":[{"href":"https:\/\/blogdorogeriogomes.com.br\/noticias\/wp-json\/wp\/v2\/types\/post"}],"author":[{"embeddable":true,"href":"https:\/\/blogdorogeriogomes.com.br\/noticias\/wp-json\/wp\/v2\/users\/1"}],"replies":[{"embeddable":true,"href":"https:\/\/blogdorogeriogomes.com.br\/noticias\/wp-json\/wp\/v2\/comments?post=7773"}],"version-history":[{"count":1,"href":"https:\/\/blogdorogeriogomes.com.br\/noticias\/wp-json\/wp\/v2\/posts\/7773\/revisions"}],"predecessor-version":[{"id":7775,"href":"https:\/\/blogdorogeriogomes.com.br\/noticias\/wp-json\/wp\/v2\/posts\/7773\/revisions\/7775"}],"wp:attachment":[{"href":"https:\/\/blogdorogeriogomes.com.br\/noticias\/wp-json\/wp\/v2\/media?parent=7773"}],"wp:term":[{"taxonomy":"category","embeddable":true,"href":"https:\/\/blogdorogeriogomes.com.br\/noticias\/wp-json\/wp\/v2\/categories?post=7773"},{"taxonomy":"post_tag","embeddable":true,"href":"https:\/\/blogdorogeriogomes.com.br\/noticias\/wp-json\/wp\/v2\/tags?post=7773"}],"curies":[{"name":"wp","href":"https:\/\/api.w.org\/{rel}","templated":true}]}}