{"id":7776,"date":"2018-01-03T09:05:59","date_gmt":"2018-01-03T09:05:59","guid":{"rendered":"http:\/\/blogdorogeriogomes.com.br\/?p=7776"},"modified":"2018-01-03T09:05:59","modified_gmt":"2018-01-03T09:05:59","slug":"lula-confirma-que-ira-a-julgamento-e-pt-organiza-atos-publicos","status":"publish","type":"post","link":"https:\/\/blogdorogeriogomes.com.br\/noticias\/2018\/01\/lula-confirma-que-ira-a-julgamento-e-pt-organiza-atos-publicos\/","title":{"rendered":"Lula confirma que ir\u00e1 a julgamento e PT organiza atos p\u00fablicos"},"content":{"rendered":"<p><img loading=\"lazy\" decoding=\"async\" class=\"alignnone size-medium wp-image-7528\" src=\"http:\/\/blogdorogeriogomes.com.br\/wp-content\/uploads\/2017\/12\/unnamed-300x135.jpg\" alt=\"unnamed\" width=\"300\" height=\"135\" srcset=\"https:\/\/blogdorogeriogomes.com.br\/noticias\/wp-content\/uploads\/2017\/12\/unnamed-300x135.jpg 300w, https:\/\/blogdorogeriogomes.com.br\/noticias\/wp-content\/uploads\/2017\/12\/unnamed.jpg 572w\" sizes=\"auto, (max-width: 300px) 100vw, 300px\" \/><\/p>\n<p><span style=\"font-size: 0.8rem;\">O ano come\u00e7a em temperatura m\u00e1xima para o ex-presidente Luiz In\u00e1cio Lula da Silva. Ele comunicou a dirigentes do PT que vai comparecer ao julgamento que pode torn\u00e1-lo ineleg\u00edvel, no Tribunal Regional da 4\u00aa Regi\u00e3o (TRF-4), no dia 24 de janeiro, em Porto Alegre (RS). A dire\u00e7\u00e3o do partido j\u00e1 prepara um grande ato de recep\u00e7\u00e3o ao ex-presidente no pr\u00f3prio dia 24, na volta a S\u00e3o Paulo.<\/span><\/p>\n<p><span style=\"font-weight: 400;\">Lula foi condenado, em primeira inst\u00e2ncia, a 9 anos e 6 meses de pris\u00e3o por corrup\u00e7\u00e3o passiva e lavagem de dinheiro, no caso do tr\u00edplex do Guaruj\u00e1. No dia 24, a 8\u00aa Turma do TRF-4 vai julgar a apela\u00e7\u00e3o apresentada pela defesa do petista. Caso a condena\u00e7\u00e3o seja confirmada, Lula pode ser impedido de disputar a elei\u00e7\u00e3o presidencial.<\/span><span style=\"font-weight: 400;\"><br \/>\n<\/span><span style=\"font-weight: 400;\">O PT prepara uma onda de eventos que come\u00e7a no pr\u00f3ximo dia 13, com um &#8220;dia nacional de mobiliza\u00e7\u00e3o&#8221; que pretende pulverizar atos em defesa da candidatura do petista em todas as cidades onde o PT est\u00e1 organizado no Pa\u00eds. <\/span><\/p>\n","protected":false},"excerpt":{"rendered":"<p>O ano come\u00e7a em temperatura m\u00e1xima para o ex-presidente Luiz In\u00e1cio Lula da Silva. Ele comunicou a dirigentes do PT que vai comparecer ao julgamento que pode torn\u00e1-lo ineleg\u00edvel, no Tribunal Regional da 4\u00aa Regi\u00e3o (TRF-4), no dia 24 de janeiro, em Porto Alegre (RS). A dire\u00e7\u00e3o do partido j\u00e1 prepara um grande ato de recep\u00e7\u00e3o ao ex-presidente no pr\u00f3prio dia 24, na volta a S\u00e3o Paulo. Lula foi condenado, em primeira inst\u00e2ncia, a 9 anos e 6 meses&hellip;<\/p>\n","protected":false},"author":1,"featured_media":0,"comment_status":"open","ping_status":"open","sticky":false,"template":"","format":"standard","meta":{"footnotes":""},"categories":[1],"tags":[],"class_list":["post-7776","post","type-post","status-publish","format-standard","hentry","category-noticias"],"_links":{"self":[{"href":"https:\/\/blogdorogeriogomes.com.br\/noticias\/wp-json\/wp\/v2\/posts\/7776","targetHints":{"allow":["GET"]}}],"collection":[{"href":"https:\/\/blogdorogeriogomes.com.br\/noticias\/wp-json\/wp\/v2\/posts"}],"about":[{"href":"https:\/\/blogdorogeriogomes.com.br\/noticias\/wp-json\/wp\/v2\/types\/post"}],"author":[{"embeddable":true,"href":"https:\/\/blogdorogeriogomes.com.br\/noticias\/wp-json\/wp\/v2\/users\/1"}],"replies":[{"embeddable":true,"href":"https:\/\/blogdorogeriogomes.com.br\/noticias\/wp-json\/wp\/v2\/comments?post=7776"}],"version-history":[{"count":1,"href":"https:\/\/blogdorogeriogomes.com.br\/noticias\/wp-json\/wp\/v2\/posts\/7776\/revisions"}],"predecessor-version":[{"id":7778,"href":"https:\/\/blogdorogeriogomes.com.br\/noticias\/wp-json\/wp\/v2\/posts\/7776\/revisions\/7778"}],"wp:attachment":[{"href":"https:\/\/blogdorogeriogomes.com.br\/noticias\/wp-json\/wp\/v2\/media?parent=7776"}],"wp:term":[{"taxonomy":"category","embeddable":true,"href":"https:\/\/blogdorogeriogomes.com.br\/noticias\/wp-json\/wp\/v2\/categories?post=7776"},{"taxonomy":"post_tag","embeddable":true,"href":"https:\/\/blogdorogeriogomes.com.br\/noticias\/wp-json\/wp\/v2\/tags?post=7776"}],"curies":[{"name":"wp","href":"https:\/\/api.w.org\/{rel}","templated":true}]}}