{"id":7779,"date":"2018-01-03T20:45:09","date_gmt":"2018-01-03T20:45:09","guid":{"rendered":"http:\/\/blogdorogeriogomes.com.br\/?p=7779"},"modified":"2018-01-03T20:45:09","modified_gmt":"2018-01-03T20:45:09","slug":"ministerio-de-temer-sofre-terceira-baixa-em-menos-de-dois-meses","status":"publish","type":"post","link":"https:\/\/blogdorogeriogomes.com.br\/noticias\/2018\/01\/ministerio-de-temer-sofre-terceira-baixa-em-menos-de-dois-meses\/","title":{"rendered":"Minist\u00e9rio de Temer sofre terceira \u201cbaixa\u201d em menos de dois meses"},"content":{"rendered":"<p><img loading=\"lazy\" decoding=\"async\" class=\"size-medium wp-image-7780\" src=\"http:\/\/blogdorogeriogomes.com.br\/wp-content\/uploads\/2018\/01\/FPAIN2103MARCOS-300x200.jpg\" alt=\"SAO PAULO, BRASIL - 25-10-2016:  Marcos Pereira, ministro da Industria, Comercio Exterior e Servicos durante o Painel Como Melhorar o Comercio Exterior no Brasil Folha promove. Forum Comercio Exterior junto com a CNI (Confederacao Nacional das Industrias). (Diego Padgurschi \/Folhapress -  (MERCADO- FORUM FOLHA)\" width=\"300\" height=\"200\" srcset=\"https:\/\/blogdorogeriogomes.com.br\/noticias\/wp-content\/uploads\/2018\/01\/FPAIN2103MARCOS-300x200.jpg 300w, https:\/\/blogdorogeriogomes.com.br\/noticias\/wp-content\/uploads\/2018\/01\/FPAIN2103MARCOS.jpg 620w\" sizes=\"auto, (max-width: 300px) 100vw, 300px\" \/><\/p>\n<p><span style=\"font-weight: 400;\">No mesmo dia em que foi anunciada a nova ministra do Trabalho, a deputada Cristiane Brasil (PTB-RJ), filha do delator do mensal\u00e3o, Roberto Jefferson, o Governo Temer tem nova \u201cbaixa\u201d. Trata-se do ministro da Ind\u00fastria, Com\u00e9rcio Exterior e Servi\u00e7os, Marcos Pereira (PRB), que pediu demiss\u00e3o tamb\u00e9m nesta quarta-feira, dia 3 de janeiro. Ele resolveu se candidatar \u00e0 reelei\u00e7\u00e3o para deputado federal este ano.<\/span><span style=\"font-weight: 400;\"><br \/>\n<\/span><span style=\"font-weight: 400;\">\u00c9 a terceira baixa no minist\u00e9rio de Temer em um m\u00eas. No \u00faltimo dia 27, o deputado federal Ronaldo Nogueira (PTB) pediu demiss\u00e3o do cargo de ministro do Trabalho alegando querer se dedicar ao seu projeto eleitoral. No in\u00edcio de dezembro, Ant\u00f4nio Imbassahy (PSDB) se demitiu da Secretaria de Governo, um dia antes da conven\u00e7\u00e3o nacional tucana que referendou o governador Geraldo Alckmin na presid\u00eancia do PSDB.<\/span><\/p>\n","protected":false},"excerpt":{"rendered":"<p>No mesmo dia em que foi anunciada a nova ministra do Trabalho, a deputada Cristiane Brasil (PTB-RJ), filha do delator do mensal\u00e3o, Roberto Jefferson, o Governo Temer tem nova \u201cbaixa\u201d. Trata-se do ministro da Ind\u00fastria, Com\u00e9rcio Exterior e Servi\u00e7os, Marcos Pereira (PRB), que pediu demiss\u00e3o tamb\u00e9m nesta quarta-feira, dia 3 de janeiro. Ele resolveu se candidatar \u00e0 reelei\u00e7\u00e3o para deputado federal este ano. \u00c9 a terceira baixa no minist\u00e9rio de Temer em um m\u00eas. No \u00faltimo dia 27, o&hellip;<\/p>\n","protected":false},"author":1,"featured_media":0,"comment_status":"open","ping_status":"open","sticky":false,"template":"","format":"standard","meta":{"footnotes":""},"categories":[1],"tags":[],"class_list":["post-7779","post","type-post","status-publish","format-standard","hentry","category-noticias"],"_links":{"self":[{"href":"https:\/\/blogdorogeriogomes.com.br\/noticias\/wp-json\/wp\/v2\/posts\/7779","targetHints":{"allow":["GET"]}}],"collection":[{"href":"https:\/\/blogdorogeriogomes.com.br\/noticias\/wp-json\/wp\/v2\/posts"}],"about":[{"href":"https:\/\/blogdorogeriogomes.com.br\/noticias\/wp-json\/wp\/v2\/types\/post"}],"author":[{"embeddable":true,"href":"https:\/\/blogdorogeriogomes.com.br\/noticias\/wp-json\/wp\/v2\/users\/1"}],"replies":[{"embeddable":true,"href":"https:\/\/blogdorogeriogomes.com.br\/noticias\/wp-json\/wp\/v2\/comments?post=7779"}],"version-history":[{"count":1,"href":"https:\/\/blogdorogeriogomes.com.br\/noticias\/wp-json\/wp\/v2\/posts\/7779\/revisions"}],"predecessor-version":[{"id":7781,"href":"https:\/\/blogdorogeriogomes.com.br\/noticias\/wp-json\/wp\/v2\/posts\/7779\/revisions\/7781"}],"wp:attachment":[{"href":"https:\/\/blogdorogeriogomes.com.br\/noticias\/wp-json\/wp\/v2\/media?parent=7779"}],"wp:term":[{"taxonomy":"category","embeddable":true,"href":"https:\/\/blogdorogeriogomes.com.br\/noticias\/wp-json\/wp\/v2\/categories?post=7779"},{"taxonomy":"post_tag","embeddable":true,"href":"https:\/\/blogdorogeriogomes.com.br\/noticias\/wp-json\/wp\/v2\/tags?post=7779"}],"curies":[{"name":"wp","href":"https:\/\/api.w.org\/{rel}","templated":true}]}}