{"id":7785,"date":"2018-01-04T08:59:53","date_gmt":"2018-01-04T08:59:53","guid":{"rendered":"http:\/\/blogdorogeriogomes.com.br\/?p=7785"},"modified":"2018-01-04T08:59:53","modified_gmt":"2018-01-04T08:59:53","slug":"praia-de-iracema-comeca-a-receber-acoes-de-revitalizacao","status":"publish","type":"post","link":"https:\/\/blogdorogeriogomes.com.br\/noticias\/2018\/01\/praia-de-iracema-comeca-a-receber-acoes-de-revitalizacao\/","title":{"rendered":"Praia de Iracema come\u00e7a a receber a\u00e7\u00f5es de revitaliza\u00e7\u00e3o"},"content":{"rendered":"<p><img loading=\"lazy\" decoding=\"async\" class=\"alignnone size-medium wp-image-7786\" src=\"http:\/\/blogdorogeriogomes.com.br\/wp-content\/uploads\/2018\/01\/images-58-300x201.jpeg\" alt=\"images (58)\" width=\"300\" height=\"201\" srcset=\"https:\/\/blogdorogeriogomes.com.br\/noticias\/wp-content\/uploads\/2018\/01\/images-58-300x201.jpeg 300w, https:\/\/blogdorogeriogomes.com.br\/noticias\/wp-content\/uploads\/2018\/01\/images-58.jpeg 469w\" sizes=\"auto, (max-width: 300px) 100vw, 300px\" \/><\/p>\n<p><span style=\"font-weight: 400;\">A Secretaria de Turismo de Fortaleza come\u00e7a a implementar a partir de s\u00e1bado, dia 6 de janeiro, o projeto de revitaliza\u00e7\u00e3o da Praia de Iracema. Historicamente um reduto da boemia, o bairro perdeu ao longo dos \u00faltimos anos os seus frequentadores, apesar de a\u00e7\u00f5es de melhoria da infraestrutura e de seguran\u00e7a do Poder P\u00fablico.<\/span><\/p>\n<p><span style=\"font-weight: 400;\">Agora, a ideia do secret\u00e1rio Alexandre Pereira \u00e9 desencadear, pelo menos, trinta medidas de revitaliza\u00e7\u00e3o que incluem \u00e1reas, como com\u00e9rcio, ordenamento urbano, seguran\u00e7a, cultura e eventos, moradores, mobilidade urbana, meio ambiente e turismo. O secret\u00e1rio de Turismo da Capital quer todas as medidas implantadas at\u00e9 dezembro deste ano. <\/span><\/p>\n","protected":false},"excerpt":{"rendered":"<p>A Secretaria de Turismo de Fortaleza come\u00e7a a implementar a partir de s\u00e1bado, dia 6 de janeiro, o projeto de revitaliza\u00e7\u00e3o da Praia de Iracema. Historicamente um reduto da boemia, o bairro perdeu ao longo dos \u00faltimos anos os seus frequentadores, apesar de a\u00e7\u00f5es de melhoria da infraestrutura e de seguran\u00e7a do Poder P\u00fablico. Agora, a ideia do secret\u00e1rio Alexandre Pereira \u00e9 desencadear, pelo menos, trinta medidas de revitaliza\u00e7\u00e3o que incluem \u00e1reas, como com\u00e9rcio, ordenamento urbano, seguran\u00e7a, cultura e&hellip;<\/p>\n","protected":false},"author":1,"featured_media":0,"comment_status":"open","ping_status":"open","sticky":false,"template":"","format":"standard","meta":{"footnotes":""},"categories":[1],"tags":[],"class_list":["post-7785","post","type-post","status-publish","format-standard","hentry","category-noticias"],"_links":{"self":[{"href":"https:\/\/blogdorogeriogomes.com.br\/noticias\/wp-json\/wp\/v2\/posts\/7785","targetHints":{"allow":["GET"]}}],"collection":[{"href":"https:\/\/blogdorogeriogomes.com.br\/noticias\/wp-json\/wp\/v2\/posts"}],"about":[{"href":"https:\/\/blogdorogeriogomes.com.br\/noticias\/wp-json\/wp\/v2\/types\/post"}],"author":[{"embeddable":true,"href":"https:\/\/blogdorogeriogomes.com.br\/noticias\/wp-json\/wp\/v2\/users\/1"}],"replies":[{"embeddable":true,"href":"https:\/\/blogdorogeriogomes.com.br\/noticias\/wp-json\/wp\/v2\/comments?post=7785"}],"version-history":[{"count":1,"href":"https:\/\/blogdorogeriogomes.com.br\/noticias\/wp-json\/wp\/v2\/posts\/7785\/revisions"}],"predecessor-version":[{"id":7787,"href":"https:\/\/blogdorogeriogomes.com.br\/noticias\/wp-json\/wp\/v2\/posts\/7785\/revisions\/7787"}],"wp:attachment":[{"href":"https:\/\/blogdorogeriogomes.com.br\/noticias\/wp-json\/wp\/v2\/media?parent=7785"}],"wp:term":[{"taxonomy":"category","embeddable":true,"href":"https:\/\/blogdorogeriogomes.com.br\/noticias\/wp-json\/wp\/v2\/categories?post=7785"},{"taxonomy":"post_tag","embeddable":true,"href":"https:\/\/blogdorogeriogomes.com.br\/noticias\/wp-json\/wp\/v2\/tags?post=7785"}],"curies":[{"name":"wp","href":"https:\/\/api.w.org\/{rel}","templated":true}]}}