{"id":7788,"date":"2018-01-04T09:18:15","date_gmt":"2018-01-04T09:18:15","guid":{"rendered":"http:\/\/blogdorogeriogomes.com.br\/?p=7788"},"modified":"2018-01-04T09:18:15","modified_gmt":"2018-01-04T09:18:15","slug":"secretarios-municipais-que-serao-candidatos-saem-em-abril-diz-roberto-claudio","status":"publish","type":"post","link":"https:\/\/blogdorogeriogomes.com.br\/noticias\/2018\/01\/secretarios-municipais-que-serao-candidatos-saem-em-abril-diz-roberto-claudio\/","title":{"rendered":"Secret\u00e1rios municipais que ser\u00e3o candidatos saem em abril, diz Roberto Cl\u00e1udio"},"content":{"rendered":"<p><img loading=\"lazy\" decoding=\"async\" class=\"alignnone size-medium wp-image-7789\" src=\"http:\/\/blogdorogeriogomes.com.br\/wp-content\/uploads\/2018\/01\/unnamed-14-300x176.jpg\" alt=\"unnamed (14)\" width=\"300\" height=\"176\" srcset=\"https:\/\/blogdorogeriogomes.com.br\/noticias\/wp-content\/uploads\/2018\/01\/unnamed-14-300x176.jpg 300w, https:\/\/blogdorogeriogomes.com.br\/noticias\/wp-content\/uploads\/2018\/01\/unnamed-14.jpg 500w\" sizes=\"auto, (max-width: 300px) 100vw, 300px\" \/><\/p>\n<p><span style=\"font-weight: 400;\">O prefeito de Fortaleza, Roberto Cl\u00e1udio, j\u00e1 pregou aviso: secret\u00e1rios municipais que desejem se candidatar nas elei\u00e7\u00f5es de 2018 devem seguir o prazo determinado pela Legisla\u00e7\u00e3o e deixarem os cargos at\u00e9 abril. RC diz que quer a equipe focada nas a\u00e7\u00f5es da administra\u00e7\u00e3o e evitar \u201cmisturar\u201d o trabalho com a campanha eleitoral. No primeiro semestre, h\u00e1 v\u00e1rias obras na Capital para serem entregues.<\/span><\/p>\n<p><span style=\"font-weight: 400;\">Roberto Cl\u00e1udio come\u00e7ou o ano com intensa agenda de inaugura\u00e7\u00f5es em Fortaleza. Quer antecipar o trabalho, porque vai tirar 10 dias de f\u00e9rias com a fam\u00edlia ap\u00f3s a primeira quinzena de janeiro.<\/span><\/p>\n","protected":false},"excerpt":{"rendered":"<p>O prefeito de Fortaleza, Roberto Cl\u00e1udio, j\u00e1 pregou aviso: secret\u00e1rios municipais que desejem se candidatar nas elei\u00e7\u00f5es de 2018 devem seguir o prazo determinado pela Legisla\u00e7\u00e3o e deixarem os cargos at\u00e9 abril. RC diz que quer a equipe focada nas a\u00e7\u00f5es da administra\u00e7\u00e3o e evitar \u201cmisturar\u201d o trabalho com a campanha eleitoral. No primeiro semestre, h\u00e1 v\u00e1rias obras na Capital para serem entregues. Roberto Cl\u00e1udio come\u00e7ou o ano com intensa agenda de inaugura\u00e7\u00f5es em Fortaleza. Quer antecipar o trabalho,&hellip;<\/p>\n","protected":false},"author":1,"featured_media":0,"comment_status":"open","ping_status":"open","sticky":false,"template":"","format":"standard","meta":{"footnotes":""},"categories":[1],"tags":[],"class_list":["post-7788","post","type-post","status-publish","format-standard","hentry","category-noticias"],"_links":{"self":[{"href":"https:\/\/blogdorogeriogomes.com.br\/noticias\/wp-json\/wp\/v2\/posts\/7788","targetHints":{"allow":["GET"]}}],"collection":[{"href":"https:\/\/blogdorogeriogomes.com.br\/noticias\/wp-json\/wp\/v2\/posts"}],"about":[{"href":"https:\/\/blogdorogeriogomes.com.br\/noticias\/wp-json\/wp\/v2\/types\/post"}],"author":[{"embeddable":true,"href":"https:\/\/blogdorogeriogomes.com.br\/noticias\/wp-json\/wp\/v2\/users\/1"}],"replies":[{"embeddable":true,"href":"https:\/\/blogdorogeriogomes.com.br\/noticias\/wp-json\/wp\/v2\/comments?post=7788"}],"version-history":[{"count":1,"href":"https:\/\/blogdorogeriogomes.com.br\/noticias\/wp-json\/wp\/v2\/posts\/7788\/revisions"}],"predecessor-version":[{"id":7790,"href":"https:\/\/blogdorogeriogomes.com.br\/noticias\/wp-json\/wp\/v2\/posts\/7788\/revisions\/7790"}],"wp:attachment":[{"href":"https:\/\/blogdorogeriogomes.com.br\/noticias\/wp-json\/wp\/v2\/media?parent=7788"}],"wp:term":[{"taxonomy":"category","embeddable":true,"href":"https:\/\/blogdorogeriogomes.com.br\/noticias\/wp-json\/wp\/v2\/categories?post=7788"},{"taxonomy":"post_tag","embeddable":true,"href":"https:\/\/blogdorogeriogomes.com.br\/noticias\/wp-json\/wp\/v2\/tags?post=7788"}],"curies":[{"name":"wp","href":"https:\/\/api.w.org\/{rel}","templated":true}]}}