{"id":7804,"date":"2018-01-05T09:19:22","date_gmt":"2018-01-05T09:19:22","guid":{"rendered":"http:\/\/blogdorogeriogomes.com.br\/?p=7804"},"modified":"2018-01-05T09:19:22","modified_gmt":"2018-01-05T09:19:22","slug":"governo-federal-faz-ouvido-de-mercador-quanto-a-crise-da-seguranca-e-do-sistema-carcerario-no-pais","status":"publish","type":"post","link":"https:\/\/blogdorogeriogomes.com.br\/noticias\/2018\/01\/governo-federal-faz-ouvido-de-mercador-quanto-a-crise-da-seguranca-e-do-sistema-carcerario-no-pais\/","title":{"rendered":"Governo Federal faz \u201couvido de mercador\u201d quanto a crise da seguran\u00e7a e do sistema carcer\u00e1rio no Pa\u00eds"},"content":{"rendered":"<p><img loading=\"lazy\" decoding=\"async\" class=\"alignnone size-medium wp-image-7805\" src=\"http:\/\/blogdorogeriogomes.com.br\/wp-content\/uploads\/2018\/01\/images-62-300x186.jpeg\" alt=\"images (62)\" width=\"300\" height=\"186\" srcset=\"https:\/\/blogdorogeriogomes.com.br\/noticias\/wp-content\/uploads\/2018\/01\/images-62-300x186.jpeg 300w, https:\/\/blogdorogeriogomes.com.br\/noticias\/wp-content\/uploads\/2018\/01\/images-62.jpeg 488w\" sizes=\"auto, (max-width: 300px) 100vw, 300px\" \/><\/p>\n<p><span style=\"font-weight: 400;\">Mais uma carta de governadores aflitos com a crise na seguran\u00e7a p\u00fablica e do caos no sistema carcer\u00e1rio nacional foi encaminhada ao presidente Michel Temer. O Governo Federal faz \u201couvido de mercador\u201d. \u00c9 como se n\u00e3o tivesse responsabilidade nenhuma com o problema. Conflitos, rebeli\u00f5es e dom\u00ednio de fac\u00e7\u00f5es criminosas pipocam nas unidades penitenci\u00e1rias do Pa\u00eds.<\/span><\/p>\n<p><span style=\"font-weight: 400;\">O manifesto \u00e9 assinado pelos governadores Marconi Perillo (Goi\u00e1s), Rodrigo Rollemberg (Distrito Federal), Pedro Taques (Mato Grosso), Reinaldo Azambuja (Mato Grosso do Sul), Marcelo Miranda (Tocantins), Conf\u00facio Moura (Rond\u00f4nia), Fl\u00e1vio Dino (Maranh\u00e3o). Mas o pr\u00f3prio governador do Cear\u00e1, Camilo Santana, j\u00e1 destacou in\u00fameras vezes a necessidade de um pacto nacional em torno de a\u00e7\u00f5es no setor da seguran\u00e7a. Os governadores dizem enfrentar a criminalidade praticamente sozinhos e pedem mais dinheiro a Uni\u00e3o.<\/span><\/p>\n<p><span style=\"font-weight: 400;\">Entre as principais propostas est\u00e3o: Cria\u00e7\u00e3o de um Fundo Nacional de Seguran\u00e7a P\u00fablica;<\/span><span style=\"font-weight: 400;\"><br \/>\n<\/span><span style=\"font-weight: 400;\">Instaura\u00e7\u00e3o de um programa nacional para coibir crimes relacionados ao tr\u00e1fico de armas e de drogas nas fronteiras do pa\u00eds; Cria\u00e7\u00e3o de novos pres\u00eddios federais para receber presos que requerem vigil\u00e2ncia de alta complexidade; Descontingenciamento imediato dos recursos retidos no Fundo Penitenci\u00e1rio Nacional (Funpen) para suprir necessidades emergenciais dos estados que precisam ampliar o n\u00famero de vagas em pres\u00eddios e custear o sistema; e ado\u00e7\u00e3o de uma legisla\u00e7\u00e3o mais r\u00edgida para a penaliza\u00e7\u00e3o de crimes.<\/span><\/p>\n","protected":false},"excerpt":{"rendered":"<p>Mais uma carta de governadores aflitos com a crise na seguran\u00e7a p\u00fablica e do caos no sistema carcer\u00e1rio nacional foi encaminhada ao presidente Michel Temer. O Governo Federal faz \u201couvido de mercador\u201d. \u00c9 como se n\u00e3o tivesse responsabilidade nenhuma com o problema. Conflitos, rebeli\u00f5es e dom\u00ednio de fac\u00e7\u00f5es criminosas pipocam nas unidades penitenci\u00e1rias do Pa\u00eds. O manifesto \u00e9 assinado pelos governadores Marconi Perillo (Goi\u00e1s), Rodrigo Rollemberg (Distrito Federal), Pedro Taques (Mato Grosso), Reinaldo Azambuja (Mato Grosso do Sul), Marcelo&hellip;<\/p>\n","protected":false},"author":1,"featured_media":0,"comment_status":"open","ping_status":"open","sticky":false,"template":"","format":"standard","meta":{"footnotes":""},"categories":[1],"tags":[],"class_list":["post-7804","post","type-post","status-publish","format-standard","hentry","category-noticias"],"_links":{"self":[{"href":"https:\/\/blogdorogeriogomes.com.br\/noticias\/wp-json\/wp\/v2\/posts\/7804","targetHints":{"allow":["GET"]}}],"collection":[{"href":"https:\/\/blogdorogeriogomes.com.br\/noticias\/wp-json\/wp\/v2\/posts"}],"about":[{"href":"https:\/\/blogdorogeriogomes.com.br\/noticias\/wp-json\/wp\/v2\/types\/post"}],"author":[{"embeddable":true,"href":"https:\/\/blogdorogeriogomes.com.br\/noticias\/wp-json\/wp\/v2\/users\/1"}],"replies":[{"embeddable":true,"href":"https:\/\/blogdorogeriogomes.com.br\/noticias\/wp-json\/wp\/v2\/comments?post=7804"}],"version-history":[{"count":1,"href":"https:\/\/blogdorogeriogomes.com.br\/noticias\/wp-json\/wp\/v2\/posts\/7804\/revisions"}],"predecessor-version":[{"id":7806,"href":"https:\/\/blogdorogeriogomes.com.br\/noticias\/wp-json\/wp\/v2\/posts\/7804\/revisions\/7806"}],"wp:attachment":[{"href":"https:\/\/blogdorogeriogomes.com.br\/noticias\/wp-json\/wp\/v2\/media?parent=7804"}],"wp:term":[{"taxonomy":"category","embeddable":true,"href":"https:\/\/blogdorogeriogomes.com.br\/noticias\/wp-json\/wp\/v2\/categories?post=7804"},{"taxonomy":"post_tag","embeddable":true,"href":"https:\/\/blogdorogeriogomes.com.br\/noticias\/wp-json\/wp\/v2\/tags?post=7804"}],"curies":[{"name":"wp","href":"https:\/\/api.w.org\/{rel}","templated":true}]}}