{"id":7807,"date":"2018-01-05T21:08:04","date_gmt":"2018-01-05T21:08:04","guid":{"rendered":"http:\/\/blogdorogeriogomes.com.br\/?p=7807"},"modified":"2018-01-05T21:08:04","modified_gmt":"2018-01-05T21:08:04","slug":"primeira-parte-do-novo-terminal-de-messejana-sera-entregue-em-janeiro","status":"publish","type":"post","link":"https:\/\/blogdorogeriogomes.com.br\/noticias\/2018\/01\/primeira-parte-do-novo-terminal-de-messejana-sera-entregue-em-janeiro\/","title":{"rendered":"Primeira parte do novo Terminal de Messejana ser\u00e1 entregue em janeiro"},"content":{"rendered":"<p><img loading=\"lazy\" decoding=\"async\" class=\"alignnone size-medium wp-image-7809\" src=\"http:\/\/blogdorogeriogomes.com.br\/wp-content\/uploads\/2018\/01\/images-63-300x169.jpeg\" alt=\"images (63)\" width=\"300\" height=\"169\" srcset=\"https:\/\/blogdorogeriogomes.com.br\/noticias\/wp-content\/uploads\/2018\/01\/images-63-300x169.jpeg 300w, https:\/\/blogdorogeriogomes.com.br\/noticias\/wp-content\/uploads\/2018\/01\/images-63.jpeg 512w\" sizes=\"auto, (max-width: 300px) 100vw, 300px\" \/><\/p>\n<p><span style=\"font-size: 0.8rem;\">O novo Terminal de \u00d4nibus de Messejana t\u00eam entrega prevista para o m\u00eas de abril. De acordo com a Secretaria de Infraestrutura do Munic\u00edpio, os servi\u00e7os no equipamento est\u00e3o dentro do cronograma com 70% de execu\u00e7\u00e3o.<\/span><\/p>\n<p><span style=\"font-weight: 400;\">A primeira fase das obras, no entanto, ser\u00e1 entregue agora em janeiro. Os \u00f4nibus que circulam no terminal provis\u00f3rio v\u00eam para a parte nova. Onde hoje, h\u00e1 embarque e desembarque de passageiros, os servi\u00e7os ser\u00e3o iniciados com prazo de conclus\u00e3o at\u00e9 abril.<\/span><\/p>\n<p><span style=\"font-weight: 400;\">O novo terminal vai contar com passarelas, com\u00e9rcio organizado, acessibilidade, wi-fi gratuito e telas com informa\u00e7\u00f5es sobre chegada e partida dos \u00f4nibus. O entorno receber\u00e1 tamb\u00e9m uma pra\u00e7a de 2.000 metros quadrados.<\/span><\/p>\n<p><span style=\"font-weight: 400;\">Com a reforma, o Terminal de Messejana aumenta sua \u00e1rea em 70% e ser\u00e1 o maior e mais moderno de Fortaleza. O equipamento tem um movimento di\u00e1rio de 150 mil passageiros em 57 linhas de \u00f4nibus.<\/span><\/p>\n<p><span style=\"font-weight: 400;\">\u201cA avenida Jornalista Tomaz Coelho, que d\u00e1 acesso ao Terminal de Messejana, tamb\u00e9m est\u00e1 sendo duplicada para melhorar a entrada e sa\u00edda do equipamento, al\u00e9m do fluxo da regi\u00e3o\u201d, disse Manuela Nogueira, secret\u00e1ria de Infraestrutura de Fortaleza.<\/span><\/p>\n","protected":false},"excerpt":{"rendered":"<p>O novo Terminal de \u00d4nibus de Messejana t\u00eam entrega prevista para o m\u00eas de abril. De acordo com a Secretaria de Infraestrutura do Munic\u00edpio, os servi\u00e7os no equipamento est\u00e3o dentro do cronograma com 70% de execu\u00e7\u00e3o. A primeira fase das obras, no entanto, ser\u00e1 entregue agora em janeiro. Os \u00f4nibus que circulam no terminal provis\u00f3rio v\u00eam para a parte nova. Onde hoje, h\u00e1 embarque e desembarque de passageiros, os servi\u00e7os ser\u00e3o iniciados com prazo de conclus\u00e3o at\u00e9 abril. O&hellip;<\/p>\n","protected":false},"author":1,"featured_media":0,"comment_status":"open","ping_status":"open","sticky":false,"template":"","format":"standard","meta":{"footnotes":""},"categories":[1],"tags":[],"class_list":["post-7807","post","type-post","status-publish","format-standard","hentry","category-noticias"],"_links":{"self":[{"href":"https:\/\/blogdorogeriogomes.com.br\/noticias\/wp-json\/wp\/v2\/posts\/7807","targetHints":{"allow":["GET"]}}],"collection":[{"href":"https:\/\/blogdorogeriogomes.com.br\/noticias\/wp-json\/wp\/v2\/posts"}],"about":[{"href":"https:\/\/blogdorogeriogomes.com.br\/noticias\/wp-json\/wp\/v2\/types\/post"}],"author":[{"embeddable":true,"href":"https:\/\/blogdorogeriogomes.com.br\/noticias\/wp-json\/wp\/v2\/users\/1"}],"replies":[{"embeddable":true,"href":"https:\/\/blogdorogeriogomes.com.br\/noticias\/wp-json\/wp\/v2\/comments?post=7807"}],"version-history":[{"count":1,"href":"https:\/\/blogdorogeriogomes.com.br\/noticias\/wp-json\/wp\/v2\/posts\/7807\/revisions"}],"predecessor-version":[{"id":7810,"href":"https:\/\/blogdorogeriogomes.com.br\/noticias\/wp-json\/wp\/v2\/posts\/7807\/revisions\/7810"}],"wp:attachment":[{"href":"https:\/\/blogdorogeriogomes.com.br\/noticias\/wp-json\/wp\/v2\/media?parent=7807"}],"wp:term":[{"taxonomy":"category","embeddable":true,"href":"https:\/\/blogdorogeriogomes.com.br\/noticias\/wp-json\/wp\/v2\/categories?post=7807"},{"taxonomy":"post_tag","embeddable":true,"href":"https:\/\/blogdorogeriogomes.com.br\/noticias\/wp-json\/wp\/v2\/tags?post=7807"}],"curies":[{"name":"wp","href":"https:\/\/api.w.org\/{rel}","templated":true}]}}