{"id":7812,"date":"2018-01-07T11:38:00","date_gmt":"2018-01-07T11:38:00","guid":{"rendered":"http:\/\/blogdorogeriogomes.com.br\/?p=7812"},"modified":"2018-01-07T11:38:00","modified_gmt":"2018-01-07T11:38:00","slug":"mst-promete-atos-pro-lula-no-proximo-dia-24-de-janeiro","status":"publish","type":"post","link":"https:\/\/blogdorogeriogomes.com.br\/noticias\/2018\/01\/mst-promete-atos-pro-lula-no-proximo-dia-24-de-janeiro\/","title":{"rendered":"MST promete atos pr\u00f3 Lula no pr\u00f3ximo dia 24 de janeiro"},"content":{"rendered":"<p><img loading=\"lazy\" decoding=\"async\" class=\"alignnone size-medium wp-image-7813\" src=\"http:\/\/blogdorogeriogomes.com.br\/wp-content\/uploads\/2018\/01\/images-64-300x200.jpeg\" alt=\"images (64)\" width=\"300\" height=\"200\" srcset=\"https:\/\/blogdorogeriogomes.com.br\/noticias\/wp-content\/uploads\/2018\/01\/images-64-300x200.jpeg 300w, https:\/\/blogdorogeriogomes.com.br\/noticias\/wp-content\/uploads\/2018\/01\/images-64.jpeg 470w\" sizes=\"auto, (max-width: 300px) 100vw, 300px\" \/><\/p>\n<p>O Movimento dos Sem-Terra (MST) vai realizar atos em v\u00e1rias cidades do Pa\u00eds durante o julgamento do ex-presidente Luiz In\u00e1cio Lula da Silva no Tribunal Regional Federal da 4\u00aa Regi\u00e3o, em Porto Alegre, previsto para o dia 24 de janeiro.<br \/>\nSegundo o dirigente nacional Alexandre Concei\u00e7\u00e3o, as a\u00e7\u00f5es ser\u00e3o definidas durante uma reuni\u00e3o com os dirigentes estaduais do MST, no pr\u00f3ximo dia 13 de janeiro, mas nenhuma forma de mobiliza\u00e7\u00e3o est\u00e1 descartada. Na quinta-feira, 4 de janeiro, o prefeito de Porto Alegre, Nelson Marchezan J\u00fanior (PSDB), pediu apoio do Ex\u00e9rcito e da For\u00e7a Nacional para atuarem na capital ga\u00facha no dia do julgamento. O ministro da Defesa, Raul Jungmann, j\u00e1 disse ser contra o emprego das For\u00e7as Armadas em Porto Alegre. Para Concei\u00e7\u00e3o, o julgamento r\u00e1pido em segunda inst\u00e2ncia pretende impedir que Lula dispute as elei\u00e7\u00f5es em 2018, &#8220;consolidando assim o golpe iniciado com impeachment da presidente Dilma (Rousseff) e a posse ileg\u00edtima do Temer (presidente Michel Temer)&#8221;.<\/p>\n<p>O dirigente do MST acredita que centrais e sindicatos de trabalhadores devem aderir aos protestos, pois tamb\u00e9m est\u00e3o sendo prejudicados pelas medidas do presidente, como a reforma trabalhista e a proposta de mudar a Previd\u00eancia.<\/p>\n","protected":false},"excerpt":{"rendered":"<p>O Movimento dos Sem-Terra (MST) vai realizar atos em v\u00e1rias cidades do Pa\u00eds durante o julgamento do ex-presidente Luiz In\u00e1cio Lula da Silva no Tribunal Regional Federal da 4\u00aa Regi\u00e3o, em Porto Alegre, previsto para o dia 24 de janeiro. Segundo o dirigente nacional Alexandre Concei\u00e7\u00e3o, as a\u00e7\u00f5es ser\u00e3o definidas durante uma reuni\u00e3o com os dirigentes estaduais do MST, no pr\u00f3ximo dia 13 de janeiro, mas nenhuma forma de mobiliza\u00e7\u00e3o est\u00e1 descartada. Na quinta-feira, 4 de janeiro, o prefeito&hellip;<\/p>\n","protected":false},"author":1,"featured_media":0,"comment_status":"open","ping_status":"open","sticky":false,"template":"","format":"standard","meta":{"footnotes":""},"categories":[1],"tags":[],"class_list":["post-7812","post","type-post","status-publish","format-standard","hentry","category-noticias"],"_links":{"self":[{"href":"https:\/\/blogdorogeriogomes.com.br\/noticias\/wp-json\/wp\/v2\/posts\/7812","targetHints":{"allow":["GET"]}}],"collection":[{"href":"https:\/\/blogdorogeriogomes.com.br\/noticias\/wp-json\/wp\/v2\/posts"}],"about":[{"href":"https:\/\/blogdorogeriogomes.com.br\/noticias\/wp-json\/wp\/v2\/types\/post"}],"author":[{"embeddable":true,"href":"https:\/\/blogdorogeriogomes.com.br\/noticias\/wp-json\/wp\/v2\/users\/1"}],"replies":[{"embeddable":true,"href":"https:\/\/blogdorogeriogomes.com.br\/noticias\/wp-json\/wp\/v2\/comments?post=7812"}],"version-history":[{"count":1,"href":"https:\/\/blogdorogeriogomes.com.br\/noticias\/wp-json\/wp\/v2\/posts\/7812\/revisions"}],"predecessor-version":[{"id":7814,"href":"https:\/\/blogdorogeriogomes.com.br\/noticias\/wp-json\/wp\/v2\/posts\/7812\/revisions\/7814"}],"wp:attachment":[{"href":"https:\/\/blogdorogeriogomes.com.br\/noticias\/wp-json\/wp\/v2\/media?parent=7812"}],"wp:term":[{"taxonomy":"category","embeddable":true,"href":"https:\/\/blogdorogeriogomes.com.br\/noticias\/wp-json\/wp\/v2\/categories?post=7812"},{"taxonomy":"post_tag","embeddable":true,"href":"https:\/\/blogdorogeriogomes.com.br\/noticias\/wp-json\/wp\/v2\/tags?post=7812"}],"curies":[{"name":"wp","href":"https:\/\/api.w.org\/{rel}","templated":true}]}}