{"id":7815,"date":"2018-01-07T18:56:38","date_gmt":"2018-01-07T18:56:38","guid":{"rendered":"http:\/\/blogdorogeriogomes.com.br\/?p=7815"},"modified":"2018-01-07T18:56:38","modified_gmt":"2018-01-07T18:56:38","slug":"pacotes-na-europa-colocam-fortaleza-como-destino-turistico-pelo-nordeste","status":"publish","type":"post","link":"https:\/\/blogdorogeriogomes.com.br\/noticias\/2018\/01\/pacotes-na-europa-colocam-fortaleza-como-destino-turistico-pelo-nordeste\/","title":{"rendered":"Pacotes na Europa colocam Fortaleza como destino tur\u00edstico pelo Nordeste"},"content":{"rendered":"<p><span style=\"font-weight: 400;\"><img loading=\"lazy\" decoding=\"async\" class=\"alignnone size-medium wp-image-7816\" src=\"http:\/\/blogdorogeriogomes.com.br\/wp-content\/uploads\/2018\/01\/images-65-300x187.jpeg\" alt=\"images (65)\" width=\"300\" height=\"187\" srcset=\"https:\/\/blogdorogeriogomes.com.br\/noticias\/wp-content\/uploads\/2018\/01\/images-65-300x187.jpeg 300w, https:\/\/blogdorogeriogomes.com.br\/noticias\/wp-content\/uploads\/2018\/01\/images-65.jpeg 486w\" sizes=\"auto, (max-width: 300px) 100vw, 300px\" \/><\/span><span style=\"font-weight: 400;\">Por 3.600 Euros, a Joon abre caminho para um pacote de viagens por 12 dias por capitais nordestinas. E Fortaleza est\u00e1 no roteiro. Em maio, dois v\u00f4os diretos ligar\u00e3o Paris a Fortaleza, no Nordeste do Brasil, com a Joon, a subsidi\u00e1ria de baixo custo da Air France. E as conex\u00f5es com os outros aeroportos locais, Natal, Recife, Salvador, Bel\u00e9m e Manaus, tornar\u00e3o esta vasta \u00e1rea do Pa\u00eds t\u00e3o grande quanto a metade da Am\u00e9rica Latina mais acess\u00edvel.<\/span><\/p>\n<p><span style=\"font-weight: 400;\">De acordo com Vinicius Lummertz, presidente do Conselho Brasileiro de Turismo (Embratur), o turista europeu poder\u00e1 descobrir o Nordeste atrav\u00e9s de tr\u00eas estados, incluindo o Cear\u00e1. S\u00e3o os primeiros efeitos do Hub da Air France.<\/span><\/p>\n","protected":false},"excerpt":{"rendered":"<p>Por 3.600 Euros, a Joon abre caminho para um pacote de viagens por 12 dias por capitais nordestinas. E Fortaleza est\u00e1 no roteiro. Em maio, dois v\u00f4os diretos ligar\u00e3o Paris a Fortaleza, no Nordeste do Brasil, com a Joon, a subsidi\u00e1ria de baixo custo da Air France. E as conex\u00f5es com os outros aeroportos locais, Natal, Recife, Salvador, Bel\u00e9m e Manaus, tornar\u00e3o esta vasta \u00e1rea do Pa\u00eds t\u00e3o grande quanto a metade da Am\u00e9rica Latina mais acess\u00edvel. De acordo&hellip;<\/p>\n","protected":false},"author":1,"featured_media":0,"comment_status":"open","ping_status":"open","sticky":false,"template":"","format":"standard","meta":{"footnotes":""},"categories":[1],"tags":[],"class_list":["post-7815","post","type-post","status-publish","format-standard","hentry","category-noticias"],"_links":{"self":[{"href":"https:\/\/blogdorogeriogomes.com.br\/noticias\/wp-json\/wp\/v2\/posts\/7815","targetHints":{"allow":["GET"]}}],"collection":[{"href":"https:\/\/blogdorogeriogomes.com.br\/noticias\/wp-json\/wp\/v2\/posts"}],"about":[{"href":"https:\/\/blogdorogeriogomes.com.br\/noticias\/wp-json\/wp\/v2\/types\/post"}],"author":[{"embeddable":true,"href":"https:\/\/blogdorogeriogomes.com.br\/noticias\/wp-json\/wp\/v2\/users\/1"}],"replies":[{"embeddable":true,"href":"https:\/\/blogdorogeriogomes.com.br\/noticias\/wp-json\/wp\/v2\/comments?post=7815"}],"version-history":[{"count":1,"href":"https:\/\/blogdorogeriogomes.com.br\/noticias\/wp-json\/wp\/v2\/posts\/7815\/revisions"}],"predecessor-version":[{"id":7817,"href":"https:\/\/blogdorogeriogomes.com.br\/noticias\/wp-json\/wp\/v2\/posts\/7815\/revisions\/7817"}],"wp:attachment":[{"href":"https:\/\/blogdorogeriogomes.com.br\/noticias\/wp-json\/wp\/v2\/media?parent=7815"}],"wp:term":[{"taxonomy":"category","embeddable":true,"href":"https:\/\/blogdorogeriogomes.com.br\/noticias\/wp-json\/wp\/v2\/categories?post=7815"},{"taxonomy":"post_tag","embeddable":true,"href":"https:\/\/blogdorogeriogomes.com.br\/noticias\/wp-json\/wp\/v2\/tags?post=7815"}],"curies":[{"name":"wp","href":"https:\/\/api.w.org\/{rel}","templated":true}]}}