{"id":7821,"date":"2018-01-08T09:12:35","date_gmt":"2018-01-08T09:12:35","guid":{"rendered":"http:\/\/blogdorogeriogomes.com.br\/?p=7821"},"modified":"2018-01-08T09:12:35","modified_gmt":"2018-01-08T09:12:35","slug":"projeto-das-areninhas-comeca-a-se-estender-para-o-interior-do-ceara","status":"publish","type":"post","link":"https:\/\/blogdorogeriogomes.com.br\/noticias\/2018\/01\/projeto-das-areninhas-comeca-a-se-estender-para-o-interior-do-ceara\/","title":{"rendered":"Projeto das Areninhas come\u00e7a a se estender para o interior do Cear\u00e1"},"content":{"rendered":"<p><img loading=\"lazy\" decoding=\"async\" class=\"alignnone size-medium wp-image-7822\" src=\"http:\/\/blogdorogeriogomes.com.br\/wp-content\/uploads\/2018\/01\/images-67-300x200.jpeg\" alt=\"images (67)\" width=\"300\" height=\"200\" srcset=\"https:\/\/blogdorogeriogomes.com.br\/noticias\/wp-content\/uploads\/2018\/01\/images-67-300x200.jpeg 300w, https:\/\/blogdorogeriogomes.com.br\/noticias\/wp-content\/uploads\/2018\/01\/images-67.jpeg 470w\" sizes=\"auto, (max-width: 300px) 100vw, 300px\" \/><\/p>\n<p><span style=\"font-weight: 400;\">Tudo come\u00e7ou no antigo Campo do Am\u00e9rica, na Aldeota, em Fortaleza. Depois seguiu para outros bairros da Capital, sempre com grande aceita\u00e7\u00e3o popular. Agora, o projeto das Areninhas come\u00e7a a se concretizar em munic\u00edpios do interior do Cear\u00e1. Pelo menos, 19 delas j\u00e1 est\u00e3o em constru\u00e7\u00e3o. Em 2017, \u00a049 areninhas foram entregues pelo Governo do Estado em 44 cidades.<\/span><\/p>\n<p><span style=\"font-weight: 400;\">Para 2018, a meta \u00e9 beneficiar outros 45 munic\u00edpios. Os que j\u00e1 est\u00e3o com obras sendo executadas s\u00e3o Acara\u00fa, Aracati, Brejo Santo, Camocim, Canind\u00e9, Cascavel, Crate\u00fas, Crato, Horizonte, Itaitinga, Limoeiro do Norte, Maracana\u00fa, Maranguape, Pacajus, Pacatuba, Quixeramobim, Russas, Tau\u00e1 e Tiangu\u00e1.<\/span><\/p>\n<p><span style=\"font-weight: 400;\">O esporte, sendo bem utilizado pelo Poder P\u00fablico, ainda \u00e9 um dos maiores instrumentos de inclus\u00e3o social.<\/span><\/p>\n","protected":false},"excerpt":{"rendered":"<p>Tudo come\u00e7ou no antigo Campo do Am\u00e9rica, na Aldeota, em Fortaleza. Depois seguiu para outros bairros da Capital, sempre com grande aceita\u00e7\u00e3o popular. Agora, o projeto das Areninhas come\u00e7a a se concretizar em munic\u00edpios do interior do Cear\u00e1. Pelo menos, 19 delas j\u00e1 est\u00e3o em constru\u00e7\u00e3o. Em 2017, \u00a049 areninhas foram entregues pelo Governo do Estado em 44 cidades. Para 2018, a meta \u00e9 beneficiar outros 45 munic\u00edpios. Os que j\u00e1 est\u00e3o com obras sendo executadas s\u00e3o Acara\u00fa, Aracati,&hellip;<\/p>\n","protected":false},"author":1,"featured_media":0,"comment_status":"open","ping_status":"open","sticky":false,"template":"","format":"standard","meta":{"footnotes":""},"categories":[1],"tags":[],"class_list":["post-7821","post","type-post","status-publish","format-standard","hentry","category-noticias"],"_links":{"self":[{"href":"https:\/\/blogdorogeriogomes.com.br\/noticias\/wp-json\/wp\/v2\/posts\/7821","targetHints":{"allow":["GET"]}}],"collection":[{"href":"https:\/\/blogdorogeriogomes.com.br\/noticias\/wp-json\/wp\/v2\/posts"}],"about":[{"href":"https:\/\/blogdorogeriogomes.com.br\/noticias\/wp-json\/wp\/v2\/types\/post"}],"author":[{"embeddable":true,"href":"https:\/\/blogdorogeriogomes.com.br\/noticias\/wp-json\/wp\/v2\/users\/1"}],"replies":[{"embeddable":true,"href":"https:\/\/blogdorogeriogomes.com.br\/noticias\/wp-json\/wp\/v2\/comments?post=7821"}],"version-history":[{"count":1,"href":"https:\/\/blogdorogeriogomes.com.br\/noticias\/wp-json\/wp\/v2\/posts\/7821\/revisions"}],"predecessor-version":[{"id":7823,"href":"https:\/\/blogdorogeriogomes.com.br\/noticias\/wp-json\/wp\/v2\/posts\/7821\/revisions\/7823"}],"wp:attachment":[{"href":"https:\/\/blogdorogeriogomes.com.br\/noticias\/wp-json\/wp\/v2\/media?parent=7821"}],"wp:term":[{"taxonomy":"category","embeddable":true,"href":"https:\/\/blogdorogeriogomes.com.br\/noticias\/wp-json\/wp\/v2\/categories?post=7821"},{"taxonomy":"post_tag","embeddable":true,"href":"https:\/\/blogdorogeriogomes.com.br\/noticias\/wp-json\/wp\/v2\/tags?post=7821"}],"curies":[{"name":"wp","href":"https:\/\/api.w.org\/{rel}","templated":true}]}}