{"id":7824,"date":"2018-01-09T09:10:02","date_gmt":"2018-01-09T09:10:02","guid":{"rendered":"http:\/\/blogdorogeriogomes.com.br\/?p=7824"},"modified":"2018-01-09T09:29:00","modified_gmt":"2018-01-09T09:29:00","slug":"reajuste-na-passagem-de-onibus-deve-ser-confirmada-ate-31-de-janeiro","status":"publish","type":"post","link":"https:\/\/blogdorogeriogomes.com.br\/noticias\/2018\/01\/reajuste-na-passagem-de-onibus-deve-ser-confirmada-ate-31-de-janeiro\/","title":{"rendered":"Reajuste na passagem de \u00f4nibus deve ser confirmado at\u00e9 31 de janeiro"},"content":{"rendered":"<p><img loading=\"lazy\" decoding=\"async\" class=\"alignnone size-medium wp-image-7825\" src=\"http:\/\/blogdorogeriogomes.com.br\/wp-content\/uploads\/2018\/01\/35-2-300x181.jpg\" alt=\"35 2\" width=\"300\" height=\"181\" srcset=\"https:\/\/blogdorogeriogomes.com.br\/noticias\/wp-content\/uploads\/2018\/01\/35-2-300x181.jpg 300w, https:\/\/blogdorogeriogomes.com.br\/noticias\/wp-content\/uploads\/2018\/01\/35-2-768x463.jpg 768w, https:\/\/blogdorogeriogomes.com.br\/noticias\/wp-content\/uploads\/2018\/01\/35-2.jpg 998w\" sizes=\"auto, (max-width: 300px) 100vw, 300px\" \/><\/p>\n<p><span style=\"font-weight: 400;\">O prefeito de Fortaleza, Roberto Cl\u00e1udio, confirmou em entrevista ao O POVO que deve acertar at\u00e9 31 de janeiro o reajuste das tarifas de \u00f4nibus na Capital.<\/span><\/p>\n<p><span style=\"font-weight: 400;\">RC disse que vai se reunir com a dire\u00e7\u00e3o da Empresa e Transporte Urbano de Fortaleza (Etufor) para fechar a nova planilha.<\/span><\/p>\n<p><span style=\"font-weight: 400;\">Em 2017, a passagem de \u00f4nibus subiu 45 centavos em Fortaleza. A inteira passou de R$ 2,75 para R$ 3,20 e a meia de R$ 1,30 para R$ 1,40. O \u00edndice de reajuste da passagem no ano passado \u00e9 o maior desde fevereiro de 2003 e superou o \u00faltimo aumento, em outubro de 2015.<\/span><\/p>\n","protected":false},"excerpt":{"rendered":"<p>O prefeito de Fortaleza, Roberto Cl\u00e1udio, confirmou em entrevista ao O POVO que deve acertar at\u00e9 31 de janeiro o reajuste das tarifas de \u00f4nibus na Capital. RC disse que vai se reunir com a dire\u00e7\u00e3o da Empresa e Transporte Urbano de Fortaleza (Etufor) para fechar a nova planilha. Em 2017, a passagem de \u00f4nibus subiu 45 centavos em Fortaleza. A inteira passou de R$ 2,75 para R$ 3,20 e a meia de R$ 1,30 para R$ 1,40. O&hellip;<\/p>\n","protected":false},"author":1,"featured_media":0,"comment_status":"open","ping_status":"open","sticky":false,"template":"","format":"standard","meta":{"footnotes":""},"categories":[1],"tags":[],"class_list":["post-7824","post","type-post","status-publish","format-standard","hentry","category-noticias"],"_links":{"self":[{"href":"https:\/\/blogdorogeriogomes.com.br\/noticias\/wp-json\/wp\/v2\/posts\/7824","targetHints":{"allow":["GET"]}}],"collection":[{"href":"https:\/\/blogdorogeriogomes.com.br\/noticias\/wp-json\/wp\/v2\/posts"}],"about":[{"href":"https:\/\/blogdorogeriogomes.com.br\/noticias\/wp-json\/wp\/v2\/types\/post"}],"author":[{"embeddable":true,"href":"https:\/\/blogdorogeriogomes.com.br\/noticias\/wp-json\/wp\/v2\/users\/1"}],"replies":[{"embeddable":true,"href":"https:\/\/blogdorogeriogomes.com.br\/noticias\/wp-json\/wp\/v2\/comments?post=7824"}],"version-history":[{"count":2,"href":"https:\/\/blogdorogeriogomes.com.br\/noticias\/wp-json\/wp\/v2\/posts\/7824\/revisions"}],"predecessor-version":[{"id":7831,"href":"https:\/\/blogdorogeriogomes.com.br\/noticias\/wp-json\/wp\/v2\/posts\/7824\/revisions\/7831"}],"wp:attachment":[{"href":"https:\/\/blogdorogeriogomes.com.br\/noticias\/wp-json\/wp\/v2\/media?parent=7824"}],"wp:term":[{"taxonomy":"category","embeddable":true,"href":"https:\/\/blogdorogeriogomes.com.br\/noticias\/wp-json\/wp\/v2\/categories?post=7824"},{"taxonomy":"post_tag","embeddable":true,"href":"https:\/\/blogdorogeriogomes.com.br\/noticias\/wp-json\/wp\/v2\/tags?post=7824"}],"curies":[{"name":"wp","href":"https:\/\/api.w.org\/{rel}","templated":true}]}}