{"id":7828,"date":"2018-01-09T09:24:46","date_gmt":"2018-01-09T09:24:46","guid":{"rendered":"http:\/\/blogdorogeriogomes.com.br\/?p=7828"},"modified":"2018-01-09T09:24:46","modified_gmt":"2018-01-09T09:24:46","slug":"justica-barra-posse-da-nova-ministra-do-trabalho-marcada-para-esta-terca-feira","status":"publish","type":"post","link":"https:\/\/blogdorogeriogomes.com.br\/noticias\/2018\/01\/justica-barra-posse-da-nova-ministra-do-trabalho-marcada-para-esta-terca-feira\/","title":{"rendered":"Justi\u00e7a barra posse da nova Ministra do Trabalho marcada para esta ter\u00e7a-feira"},"content":{"rendered":"<p><img loading=\"lazy\" decoding=\"async\" class=\"size-medium wp-image-7829\" src=\"http:\/\/blogdorogeriogomes.com.br\/wp-content\/uploads\/2018\/01\/image-4-300x197.jpg\" alt=\"08 de Janeiro de 2018 - Plen\u00b7rio - Sess\u201eo Extraordin\u00b7ria. Cristiane.  - NACIONAL - 09NA0906  -  LUCIO BERNARDO JR\" width=\"300\" height=\"197\" srcset=\"https:\/\/blogdorogeriogomes.com.br\/noticias\/wp-content\/uploads\/2018\/01\/image-4-300x197.jpg 300w, https:\/\/blogdorogeriogomes.com.br\/noticias\/wp-content\/uploads\/2018\/01\/image-4-768x503.jpg 768w, https:\/\/blogdorogeriogomes.com.br\/noticias\/wp-content\/uploads\/2018\/01\/image-4.jpg 800w\" sizes=\"auto, (max-width: 300px) 100vw, 300px\" \/><\/p>\n<p><span style=\"font-weight: 400;\">A posse est\u00e1 marcada para esta ter\u00e7a-feira, dia 9 de janeiro. Mas o juiz federal Leonardo da Costa Couceiro, da 4\u00aa Vara Federal de Niter\u00f3i (RJ), suspendeu a nomea\u00e7\u00e3o e a cerim\u00f4nia de posse da deputada Cristiane Brasil (PTB-RJ) como nova ministra do Trabalho. O Planalto j\u00e1 recorreu da decis\u00e3o judicial e tenta garantir a posse da deputada federal pelo PTB do Rio de Janeiro e filha do ex-deputado Roberto Jefferson, condenado no mensal\u00e3o.<\/span><span style=\"font-weight: 400;\"><br \/>\n<\/span><span style=\"font-weight: 400;\">O magistrado disse que a escolha da parlamentar por Temer desrespeita a moralidade administrativa, porque ele j\u00e1 foi condenada pela Justi\u00e7a trabalhista.<\/span><span style=\"font-weight: 400;\"><br \/>\n<\/span><span style=\"font-weight: 400;\">Ele estabeleceu multa de R$ 500 mil a cada agente p\u00fablico que descumprir a decis\u00e3o.<\/span><\/p>\n","protected":false},"excerpt":{"rendered":"<p>A posse est\u00e1 marcada para esta ter\u00e7a-feira, dia 9 de janeiro. Mas o juiz federal Leonardo da Costa Couceiro, da 4\u00aa Vara Federal de Niter\u00f3i (RJ), suspendeu a nomea\u00e7\u00e3o e a cerim\u00f4nia de posse da deputada Cristiane Brasil (PTB-RJ) como nova ministra do Trabalho. O Planalto j\u00e1 recorreu da decis\u00e3o judicial e tenta garantir a posse da deputada federal pelo PTB do Rio de Janeiro e filha do ex-deputado Roberto Jefferson, condenado no mensal\u00e3o. O magistrado disse que a&hellip;<\/p>\n","protected":false},"author":1,"featured_media":0,"comment_status":"open","ping_status":"open","sticky":false,"template":"","format":"standard","meta":{"footnotes":""},"categories":[1],"tags":[],"class_list":["post-7828","post","type-post","status-publish","format-standard","hentry","category-noticias"],"_links":{"self":[{"href":"https:\/\/blogdorogeriogomes.com.br\/noticias\/wp-json\/wp\/v2\/posts\/7828","targetHints":{"allow":["GET"]}}],"collection":[{"href":"https:\/\/blogdorogeriogomes.com.br\/noticias\/wp-json\/wp\/v2\/posts"}],"about":[{"href":"https:\/\/blogdorogeriogomes.com.br\/noticias\/wp-json\/wp\/v2\/types\/post"}],"author":[{"embeddable":true,"href":"https:\/\/blogdorogeriogomes.com.br\/noticias\/wp-json\/wp\/v2\/users\/1"}],"replies":[{"embeddable":true,"href":"https:\/\/blogdorogeriogomes.com.br\/noticias\/wp-json\/wp\/v2\/comments?post=7828"}],"version-history":[{"count":1,"href":"https:\/\/blogdorogeriogomes.com.br\/noticias\/wp-json\/wp\/v2\/posts\/7828\/revisions"}],"predecessor-version":[{"id":7830,"href":"https:\/\/blogdorogeriogomes.com.br\/noticias\/wp-json\/wp\/v2\/posts\/7828\/revisions\/7830"}],"wp:attachment":[{"href":"https:\/\/blogdorogeriogomes.com.br\/noticias\/wp-json\/wp\/v2\/media?parent=7828"}],"wp:term":[{"taxonomy":"category","embeddable":true,"href":"https:\/\/blogdorogeriogomes.com.br\/noticias\/wp-json\/wp\/v2\/categories?post=7828"},{"taxonomy":"post_tag","embeddable":true,"href":"https:\/\/blogdorogeriogomes.com.br\/noticias\/wp-json\/wp\/v2\/tags?post=7828"}],"curies":[{"name":"wp","href":"https:\/\/api.w.org\/{rel}","templated":true}]}}